{"id":1002,"date":"2019-11-09T10:00:27","date_gmt":"2019-11-09T09:00:27","guid":{"rendered":"https:\/\/sv-koerne83.de\/wordpress\/?p=1002"},"modified":"2019-11-07T08:12:06","modified_gmt":"2019-11-07T07:12:06","slug":"1-mannschaft-empfaengt-wambel","status":"publish","type":"post","link":"https:\/\/sv-koerne83.de\/wordpress\/2019\/11\/09\/1-mannschaft-empfaengt-wambel\/","title":{"rendered":"1. Mannschaft empf\u00e4ngt Wambel"},"content":{"rendered":"\n<p>Die 1. Mannschaft empf\u00e4ngt am morgigen Sonntag den Wambeler SV. Die Wambeler belegen aktuell den 7. Tabellenplatz und konnten 3 der letzen 5 Spiele f\u00fcr sich entscheiden. Ansto\u00df am Winkelriedweg ist um 15.00 Uhr.<\/p>\n\n\n\n<p>Die 2. Mannschaft tritt gegen den TuS Eichlinghofen II an. Die Mannschaft aus E-Town belegt trotz ihres negativen Torverh\u00e4ltnis den 8. Tabellenplatz. Ihr bester Torj\u00e4ger ist Kai Schachtsieck mit 14 Toren. Ansto\u00df am Winkelriedweg ist um 12.30 Uhr.<\/p>\n\n\n\n<p>F\u00fcr die 3. Mannschaft steht eine weite Ausw\u00e4rtsreise auf dem Programm. Die Team von Christopher Koebel und Ufuk Serdar tritt beim TuS Kruckel III an. Mit einem Sieg kann die Mannschaft punktetechnisch mit den Kruckelern gleichschlie\u00dfen. Ansto\u00df an der R\u00fcdinghauser Stra\u00dfe ist um 14.30 Uhr.<\/p>\n\n\n\n<p>Die 4. Mannschaft reist zum Ortsnachbarn \u00d6SG Viktoria III. Die Viktorianer konnten in dieser Saison 13 Punkte holen und sind seit 3 Spielen ohne Sieg. Ansto\u00df an der Lippst\u00e4dter Stra\u00dfe ist um 12.30 Uhr. <\/p>\n","protected":false},"excerpt":{"rendered":"<p>Die 1. Mannschaft empf\u00e4ngt am morgigen Sonntag den Wambeler SV. Die Wambeler belegen aktuell den 7. Tabellenplatz und konnten 3 der letzen 5 Spiele f\u00fcr sich entscheiden. Ansto\u00df am Winkelriedweg [&hellip;]<\/p>\n","protected":false},"author":2,"featured_media":1001,"comment_status":"closed","ping_status":"open","sticky":false,"template":"","format":"standard","meta":{"_jetpack_memberships_contains_paid_content":false,"footnotes":""},"categories":[30,31,32,33,1],"tags":[],"class_list":["post-1002","post","type-post","status-publish","format-standard","has-post-thumbnail","hentry","category-1-mannschaft","category-2-mannschaft","category-3-mannschaft","category-4-mannschaft","category-allgemein"],"jetpack_sharing_enabled":true,"jetpack_featured_media_url":"https:\/\/sv-koerne83.de\/wordpress\/wp-content\/uploads\/2019\/11\/svk_wsv.jpg","_links":{"self":[{"href":"https:\/\/sv-koerne83.de\/wordpress\/wp-json\/wp\/v2\/posts\/1002","targetHints":{"allow":["GET"]}}],"collection":[{"href":"https:\/\/sv-koerne83.de\/wordpress\/wp-json\/wp\/v2\/posts"}],"about":[{"href":"https:\/\/sv-koerne83.de\/wordpress\/wp-json\/wp\/v2\/types\/post"}],"author":[{"embeddable":true,"href":"https:\/\/sv-koerne83.de\/wordpress\/wp-json\/wp\/v2\/users\/2"}],"replies":[{"embeddable":true,"href":"https:\/\/sv-koerne83.de\/wordpress\/wp-json\/wp\/v2\/comments?post=1002"}],"version-history":[{"count":1,"href":"https:\/\/sv-koerne83.de\/wordpress\/wp-json\/wp\/v2\/posts\/1002\/revisions"}],"predecessor-version":[{"id":1003,"href":"https:\/\/sv-koerne83.de\/wordpress\/wp-json\/wp\/v2\/posts\/1002\/revisions\/1003"}],"wp:featuredmedia":[{"embeddable":true,"href":"https:\/\/sv-koerne83.de\/wordpress\/wp-json\/wp\/v2\/media\/1001"}],"wp:attachment":[{"href":"https:\/\/sv-koerne83.de\/wordpress\/wp-json\/wp\/v2\/media?parent=1002"}],"wp:term":[{"taxonomy":"category","embeddable":true,"href":"https:\/\/sv-koerne83.de\/wordpress\/wp-json\/wp\/v2\/categories?post=1002"},{"taxonomy":"post_tag","embeddable":true,"href":"https:\/\/sv-koerne83.de\/wordpress\/wp-json\/wp\/v2\/tags?post=1002"}],"curies":[{"name":"wp","href":"https:\/\/api.w.org\/{rel}","templated":true}]}}