{"id":1016,"date":"2019-11-11T09:35:43","date_gmt":"2019-11-11T08:35:43","guid":{"rendered":"https:\/\/sv-koerne83.de\/wordpress\/?p=1016"},"modified":"2019-11-11T09:35:44","modified_gmt":"2019-11-11T08:35:44","slug":"1-mannschaft-siegt-auch-gegen-wambel","status":"publish","type":"post","link":"https:\/\/sv-koerne83.de\/wordpress\/2019\/11\/11\/1-mannschaft-siegt-auch-gegen-wambel\/","title":{"rendered":"1. Mannschaft siegt auch gegen Wambel"},"content":{"rendered":"\n<p>Die 1. Mannschaft konnte am gestrigen Sonntag auch einen Sieg gegen den Wambeler SV einfahren. Nach bereits 11 Minuten f\u00fchrte das Team durch Tore von Marc Grabemann und Andre Rech mit 2:0. Der WSV fand dann aber besser ins Spiel und konnten durch ein Eigentor von Michael Salinus auf 2:1 verk\u00fcrzen. Kurz vor der Pause traf Viktor Pusch zum 3:1. In der 2. Halbzeit gelang den Wambelern der 3:2 Anschlusstreffer. Tomas Rucinskas traf mit seinem 30. Saisontreffer zum 4:2 Endstand. <\/p>\n\n\n\n<p>Die 2. Mannschaft verlor ihr Heimspiel gegen den TuS Eichlinghofen II mit 3:0. Zur Pause lag das Team mit 1:0 in R\u00fcckstand. Nach dem Seitenwechsel gelang dem Gast noch zwei weitere Treffer. <\/p>\n\n\n\n<p>Die 3. Mannschaft gewann beim TuS Kruckel III mit 4:2. Suzan Hamo erzielte in der 16. Minute das 1:0. 11 Minuten sp\u00e4ter erh\u00f6hte Ribar Bahloy auf 2:0. Linus Paelke und Dustin Werner erh\u00f6hten auf 4:0. Der Gastgeber konnte zwar noch 2 Treffer erzielen, die K\u00f6rner lie\u00dfen sich den Sieg jedoch nicht mehr nehmen. <\/p>\n\n\n\n<p>Die 4. Mannschaft verlor beim Ortsnachbarn \u00d6SG Viktoria III mit 3:1. Dennis Kaul traf f\u00fcr die K\u00f6rner zum zwischenzeitlichen 1:1 Ausgleich.<\/p>\n","protected":false},"excerpt":{"rendered":"<p>Die 1. Mannschaft konnte am gestrigen Sonntag auch einen Sieg gegen den Wambeler SV einfahren. Nach bereits 11 Minuten f\u00fchrte das Team durch Tore von Marc Grabemann und Andre Rech [&hellip;]<\/p>\n","protected":false},"author":2,"featured_media":1012,"comment_status":"closed","ping_status":"open","sticky":false,"template":"","format":"standard","meta":{"_jetpack_memberships_contains_paid_content":false,"footnotes":""},"categories":[30,31,32,33,1],"tags":[],"class_list":["post-1016","post","type-post","status-publish","format-standard","has-post-thumbnail","hentry","category-1-mannschaft","category-2-mannschaft","category-3-mannschaft","category-4-mannschaft","category-allgemein"],"jetpack_sharing_enabled":true,"jetpack_featured_media_url":"https:\/\/sv-koerne83.de\/wordpress\/wp-content\/uploads\/2019\/11\/4990d26b-d1bd-44ff-8243-250bdd7aa689.jpg","_links":{"self":[{"href":"https:\/\/sv-koerne83.de\/wordpress\/wp-json\/wp\/v2\/posts\/1016","targetHints":{"allow":["GET"]}}],"collection":[{"href":"https:\/\/sv-koerne83.de\/wordpress\/wp-json\/wp\/v2\/posts"}],"about":[{"href":"https:\/\/sv-koerne83.de\/wordpress\/wp-json\/wp\/v2\/types\/post"}],"author":[{"embeddable":true,"href":"https:\/\/sv-koerne83.de\/wordpress\/wp-json\/wp\/v2\/users\/2"}],"replies":[{"embeddable":true,"href":"https:\/\/sv-koerne83.de\/wordpress\/wp-json\/wp\/v2\/comments?post=1016"}],"version-history":[{"count":1,"href":"https:\/\/sv-koerne83.de\/wordpress\/wp-json\/wp\/v2\/posts\/1016\/revisions"}],"predecessor-version":[{"id":1017,"href":"https:\/\/sv-koerne83.de\/wordpress\/wp-json\/wp\/v2\/posts\/1016\/revisions\/1017"}],"wp:featuredmedia":[{"embeddable":true,"href":"https:\/\/sv-koerne83.de\/wordpress\/wp-json\/wp\/v2\/media\/1012"}],"wp:attachment":[{"href":"https:\/\/sv-koerne83.de\/wordpress\/wp-json\/wp\/v2\/media?parent=1016"}],"wp:term":[{"taxonomy":"category","embeddable":true,"href":"https:\/\/sv-koerne83.de\/wordpress\/wp-json\/wp\/v2\/categories?post=1016"},{"taxonomy":"post_tag","embeddable":true,"href":"https:\/\/sv-koerne83.de\/wordpress\/wp-json\/wp\/v2\/tags?post=1016"}],"curies":[{"name":"wp","href":"https:\/\/api.w.org\/{rel}","templated":true}]}}