{"id":1026,"date":"2019-11-15T09:03:09","date_gmt":"2019-11-15T08:03:09","guid":{"rendered":"https:\/\/sv-koerne83.de\/wordpress\/?p=1026"},"modified":"2019-11-15T09:03:09","modified_gmt":"2019-11-15T08:03:09","slug":"kompletter-jugendspieltag-am-samstag","status":"publish","type":"post","link":"https:\/\/sv-koerne83.de\/wordpress\/2019\/11\/15\/kompletter-jugendspieltag-am-samstag\/","title":{"rendered":"Kompletter Jugendspieltag am Samstag"},"content":{"rendered":"\n<p>Aufgrund des Volkstrauertages am Sonntag finden alle Jugendspiele an diesem Wochenende am Samstag statt. Die G-Jugend empf\u00e4ngt um 10.00 Uhr am Winkelriedweg den TuS Eving-Lindenhorst. Die F1-Jugend trifft auf Mengede 08\/20. Ansto\u00df auf heimischen Platz ist ebenfalls um 10.00 Uhr. Die F3-Jugend spielt ebenfalls zuhause gegen VfL H\u00f6rde. Ansto\u00df ist hier um 11.00 Uhr. Die F2-Jugend muss ausw\u00e4rts bei BW Alstedde II antreten. Ansto\u00df am Heikenberg in L\u00fcnen ist um 11.00 Uhr. Die E1-Jugend reist zum Wambeler SV. Ansto\u00df an der Sendstra\u00dfe ist um 11.00 Uhr. Die E2-Jugend tritt ausw\u00e4rts beim BSV Sch\u00fcren an. Ansto\u00df an der Sch\u00fcrener Stra\u00dfe ist um 12.00 Uhr. Die D-Jugend empf\u00e4ngt den SV Brackel 06 II. Ansto\u00df am Winkelriedweg ist um 11.00 Uhr. Ebenfalls tr\u00e4gt die C-Jugend ein Heimspiel aus. Um 13.15 Uhr empf\u00e4ngt die Mannschaft den FC Br\u00fcnninghausen III. Die B-Jugend spielt am Samstag am Winkelriedweg gegen den Ortsnachbarn DJK TuS K\u00f6rne. Ansto\u00df ist um 15.00 Uhr. <\/p>\n","protected":false},"excerpt":{"rendered":"<p>Aufgrund des Volkstrauertages am Sonntag finden alle Jugendspiele an diesem Wochenende am Samstag statt. Die G-Jugend empf\u00e4ngt um 10.00 Uhr am Winkelriedweg den TuS Eving-Lindenhorst. Die F1-Jugend trifft auf Mengede [&hellip;]<\/p>\n","protected":false},"author":2,"featured_media":880,"comment_status":"closed","ping_status":"open","sticky":false,"template":"","format":"standard","meta":{"_jetpack_memberships_contains_paid_content":false,"footnotes":""},"categories":[1,35],"tags":[],"class_list":["post-1026","post","type-post","status-publish","format-standard","has-post-thumbnail","hentry","category-allgemein","category-jugend"],"jetpack_sharing_enabled":true,"jetpack_featured_media_url":"https:\/\/sv-koerne83.de\/wordpress\/wp-content\/uploads\/2019\/10\/jugendspieltag.jpg","_links":{"self":[{"href":"https:\/\/sv-koerne83.de\/wordpress\/wp-json\/wp\/v2\/posts\/1026","targetHints":{"allow":["GET"]}}],"collection":[{"href":"https:\/\/sv-koerne83.de\/wordpress\/wp-json\/wp\/v2\/posts"}],"about":[{"href":"https:\/\/sv-koerne83.de\/wordpress\/wp-json\/wp\/v2\/types\/post"}],"author":[{"embeddable":true,"href":"https:\/\/sv-koerne83.de\/wordpress\/wp-json\/wp\/v2\/users\/2"}],"replies":[{"embeddable":true,"href":"https:\/\/sv-koerne83.de\/wordpress\/wp-json\/wp\/v2\/comments?post=1026"}],"version-history":[{"count":1,"href":"https:\/\/sv-koerne83.de\/wordpress\/wp-json\/wp\/v2\/posts\/1026\/revisions"}],"predecessor-version":[{"id":1027,"href":"https:\/\/sv-koerne83.de\/wordpress\/wp-json\/wp\/v2\/posts\/1026\/revisions\/1027"}],"wp:featuredmedia":[{"embeddable":true,"href":"https:\/\/sv-koerne83.de\/wordpress\/wp-json\/wp\/v2\/media\/880"}],"wp:attachment":[{"href":"https:\/\/sv-koerne83.de\/wordpress\/wp-json\/wp\/v2\/media?parent=1026"}],"wp:term":[{"taxonomy":"category","embeddable":true,"href":"https:\/\/sv-koerne83.de\/wordpress\/wp-json\/wp\/v2\/categories?post=1026"},{"taxonomy":"post_tag","embeddable":true,"href":"https:\/\/sv-koerne83.de\/wordpress\/wp-json\/wp\/v2\/tags?post=1026"}],"curies":[{"name":"wp","href":"https:\/\/api.w.org\/{rel}","templated":true}]}}