{"id":1034,"date":"2019-11-15T19:26:42","date_gmt":"2019-11-15T18:26:42","guid":{"rendered":"https:\/\/sv-koerne83.de\/wordpress\/?p=1034"},"modified":"2019-11-15T20:25:34","modified_gmt":"2019-11-15T19:25:34","slug":"sv-koerne-83-c-jugend-wintertour-2019-2020","status":"publish","type":"post","link":"https:\/\/sv-koerne83.de\/wordpress\/2019\/11\/15\/sv-koerne-83-c-jugend-wintertour-2019-2020\/","title":{"rendered":"SV K\u00f6rne 83 C Jugend Wintertour 2019\/2020"},"content":{"rendered":"\n<p>Auch in diesen Jahr wird die C Jugend wieder oft auf Reisen sein. Das Team von Rainer Halagiera und Tobias Schigowski haben sich f\u00fcr einige Hallenturniere angemeldet.<\/p>\n\n\n\n<p>Bereits am kommenden Sonntag 17.11.2019 wird es das erste Mal in die Halle gehen, um m\u00f6glichst wieder einen Pokal mit nach K\u00f6rne zu bringen. Wie jedes Jahr bedankt sich die C Jugend schon vorab bei Eddy und Daniel f\u00fcr die Unterst\u00fctzung.<\/p>\n\n\n\n<p>&#8222;Uns macht das jedes Jahr aufs Neue Freude mit unseren Spielern durch ganz Deutschland zu &#8222;touren&#8220; und den SV K\u00f6rne 83 auch au\u00dferhalb etwas bekannter zu machen. Zudem k\u00f6nnen die Spieler ihren Horizont erweitern, h\u00e4ngen nicht nur vor der Playstation und wir lernen neue Vereine kennen.&#8220;<\/p>\n\n\n\n<p>In diesem Jahr reist die Mannschaft das erste Mal zu einem Hallenturnier nach M\u00fcnchen. Wir w\u00fcnschen allen Spielern und Trainern viel Spa\u00df, Gesundheit und nat\u00fcrlich viel Erfolg. <\/p>\n\n\n\n<p>Hallenturniere C Jugend 2019\/2020:<\/p>\n\n\n\n<p>Sonntag 17.11.2019<br>SF Gellendorf<\/p>\n\n\n\n<p>Sonntag 08.12.2019<br>Union R\u00f6srath<\/p>\n\n\n\n<p>Sonntag 22.12.2019<br>TuS Xanten<br><br>Montag 23.12.2019<br>VfL Sassendorf<\/p>\n\n\n\n<p>Donnerstag 26.12.2019<br>SVE Heessen<\/p>\n\n\n\n<p>Freitag 27.12.2019<br>VfL Stenum<\/p>\n\n\n\n<p>Samstag 28.12.2019<br>Germania Lohauserholz<br>VfL Edewecht<\/p>\n\n\n\n<p>Donnerstag 02.01.2020<br>DJK BW Greven<\/p>\n\n\n\n<p>Sonntag 05.01.2020<br>DJK VfL Willich<\/p>\n\n\n\n<p>Samstag 11.01.2020<br>FC Aschheim<br><br>Samstag 18.01.2020<br>B\u00fcnder SV<br>RW Lessenich<\/p>\n\n\n\n<p>Samstag 25.01.2020<br>Westfalia Osterwick<\/p>\n\n\n\n<p>Samstag 01.02.2020<br>FC Gotano<br><br>Sonntag 02.02.2020<br>Eintracht Vinhoven<br><br>Sonntag 09.02.2020<br>DJK VfL Billerbeck<\/p>\n\n\n\n<p>Sonntag 16.02.2020<br>TuS Hasslinghausen<br><\/p>\n\n\n\n<p><\/p>\n","protected":false},"excerpt":{"rendered":"<p>Auch in diesen Jahr wird die C Jugend wieder oft auf Reisen sein. Das Team von Rainer Halagiera und Tobias Schigowski haben sich f\u00fcr einige Hallenturniere angemeldet. Bereits am kommenden [&hellip;]<\/p>\n","protected":false},"author":3,"featured_media":1042,"comment_status":"closed","ping_status":"open","sticky":false,"template":"","format":"standard","meta":{"_jetpack_memberships_contains_paid_content":false,"footnotes":""},"categories":[1,35],"tags":[],"class_list":["post-1034","post","type-post","status-publish","format-standard","has-post-thumbnail","hentry","category-allgemein","category-jugend"],"jetpack_sharing_enabled":true,"jetpack_featured_media_url":"https:\/\/sv-koerne83.de\/wordpress\/wp-content\/uploads\/2019\/11\/img_0795.jpg","_links":{"self":[{"href":"https:\/\/sv-koerne83.de\/wordpress\/wp-json\/wp\/v2\/posts\/1034","targetHints":{"allow":["GET"]}}],"collection":[{"href":"https:\/\/sv-koerne83.de\/wordpress\/wp-json\/wp\/v2\/posts"}],"about":[{"href":"https:\/\/sv-koerne83.de\/wordpress\/wp-json\/wp\/v2\/types\/post"}],"author":[{"embeddable":true,"href":"https:\/\/sv-koerne83.de\/wordpress\/wp-json\/wp\/v2\/users\/3"}],"replies":[{"embeddable":true,"href":"https:\/\/sv-koerne83.de\/wordpress\/wp-json\/wp\/v2\/comments?post=1034"}],"version-history":[{"count":3,"href":"https:\/\/sv-koerne83.de\/wordpress\/wp-json\/wp\/v2\/posts\/1034\/revisions"}],"predecessor-version":[{"id":1039,"href":"https:\/\/sv-koerne83.de\/wordpress\/wp-json\/wp\/v2\/posts\/1034\/revisions\/1039"}],"wp:featuredmedia":[{"embeddable":true,"href":"https:\/\/sv-koerne83.de\/wordpress\/wp-json\/wp\/v2\/media\/1042"}],"wp:attachment":[{"href":"https:\/\/sv-koerne83.de\/wordpress\/wp-json\/wp\/v2\/media?parent=1034"}],"wp:term":[{"taxonomy":"category","embeddable":true,"href":"https:\/\/sv-koerne83.de\/wordpress\/wp-json\/wp\/v2\/categories?post=1034"},{"taxonomy":"post_tag","embeddable":true,"href":"https:\/\/sv-koerne83.de\/wordpress\/wp-json\/wp\/v2\/tags?post=1034"}],"curies":[{"name":"wp","href":"https:\/\/api.w.org\/{rel}","templated":true}]}}