{"id":1043,"date":"2019-11-16T09:57:30","date_gmt":"2019-11-16T08:57:30","guid":{"rendered":"https:\/\/sv-koerne83.de\/wordpress\/?p=1043"},"modified":"2019-11-16T09:57:30","modified_gmt":"2019-11-16T08:57:30","slug":"1-mannschaft-zu-gast-in-brackel","status":"publish","type":"post","link":"https:\/\/sv-koerne83.de\/wordpress\/2019\/11\/16\/1-mannschaft-zu-gast-in-brackel\/","title":{"rendered":"1. Mannschaft zu Gast in Brackel"},"content":{"rendered":"\n<p>Die 1. Mannschaft reist am morgigen Sonntag zum SV Brackel 06 II. Im letzten Hinrundenspiel hat die Mannschaft von Trainer Viktor Pusch die M\u00f6glichkeit ohne Niederlade die Hinrunde abzuschlie\u00dfen. Ansto\u00df an der Oesterstra\u00dfe ist um 12.30 Uhr.<\/p>\n\n\n\n<p>Die 2. Mannschaft spielt gegen TuS Holzen-Sommerberg II. Mit einem Sieg kann die Mannschaft mit Sommerberg gleichziehen. Ansto\u00df an der Heinrich-Pieper-Stra\u00dfe ist um 12.30 Uhr.<\/p>\n\n\n\n<p>Die 3. Mannschaft empf\u00e4ngt K.F. Sharri II. Mit einem Sieg kann das Team auf den 5. Tabellenplatz klettern. Ansto\u00df am Winkelriedweg ist um 14.30 Uhr.<\/p>\n\n\n\n<p>Die 4. Mannschaft spielt gegen Tabellenf\u00fchrer SG Gahmen II. Mit einem Sieg gegen die L\u00fcner kann die Mannschaft einen tollen Hinrundenabschluss schaffen. Ansto\u00df am Winkelriedweg ist um 12.30 Uhr.<\/p>\n","protected":false},"excerpt":{"rendered":"<p>Die 1. Mannschaft reist am morgigen Sonntag zum SV Brackel 06 II. Im letzten Hinrundenspiel hat die Mannschaft von Trainer Viktor Pusch die M\u00f6glichkeit ohne Niederlade die Hinrunde abzuschlie\u00dfen. Ansto\u00df [&hellip;]<\/p>\n","protected":false},"author":2,"featured_media":776,"comment_status":"closed","ping_status":"open","sticky":false,"template":"","format":"standard","meta":{"_jetpack_memberships_contains_paid_content":false,"footnotes":""},"categories":[30,31,32,33,1],"tags":[],"class_list":["post-1043","post","type-post","status-publish","format-standard","has-post-thumbnail","hentry","category-1-mannschaft","category-2-mannschaft","category-3-mannschaft","category-4-mannschaft","category-allgemein"],"jetpack_sharing_enabled":true,"jetpack_featured_media_url":"https:\/\/sv-koerne83.de\/wordpress\/wp-content\/uploads\/2019\/09\/BD43D305-67C9-4ECE-9367-80CF48785999.jpeg","_links":{"self":[{"href":"https:\/\/sv-koerne83.de\/wordpress\/wp-json\/wp\/v2\/posts\/1043","targetHints":{"allow":["GET"]}}],"collection":[{"href":"https:\/\/sv-koerne83.de\/wordpress\/wp-json\/wp\/v2\/posts"}],"about":[{"href":"https:\/\/sv-koerne83.de\/wordpress\/wp-json\/wp\/v2\/types\/post"}],"author":[{"embeddable":true,"href":"https:\/\/sv-koerne83.de\/wordpress\/wp-json\/wp\/v2\/users\/2"}],"replies":[{"embeddable":true,"href":"https:\/\/sv-koerne83.de\/wordpress\/wp-json\/wp\/v2\/comments?post=1043"}],"version-history":[{"count":1,"href":"https:\/\/sv-koerne83.de\/wordpress\/wp-json\/wp\/v2\/posts\/1043\/revisions"}],"predecessor-version":[{"id":1044,"href":"https:\/\/sv-koerne83.de\/wordpress\/wp-json\/wp\/v2\/posts\/1043\/revisions\/1044"}],"wp:featuredmedia":[{"embeddable":true,"href":"https:\/\/sv-koerne83.de\/wordpress\/wp-json\/wp\/v2\/media\/776"}],"wp:attachment":[{"href":"https:\/\/sv-koerne83.de\/wordpress\/wp-json\/wp\/v2\/media?parent=1043"}],"wp:term":[{"taxonomy":"category","embeddable":true,"href":"https:\/\/sv-koerne83.de\/wordpress\/wp-json\/wp\/v2\/categories?post=1043"},{"taxonomy":"post_tag","embeddable":true,"href":"https:\/\/sv-koerne83.de\/wordpress\/wp-json\/wp\/v2\/tags?post=1043"}],"curies":[{"name":"wp","href":"https:\/\/api.w.org\/{rel}","templated":true}]}}