{"id":1049,"date":"2019-11-17T09:30:15","date_gmt":"2019-11-17T08:30:15","guid":{"rendered":"https:\/\/sv-koerne83.de\/wordpress\/?p=1049"},"modified":"2019-11-17T09:30:16","modified_gmt":"2019-11-17T08:30:16","slug":"kein-erfolgreicher-spieltag","status":"publish","type":"post","link":"https:\/\/sv-koerne83.de\/wordpress\/2019\/11\/17\/kein-erfolgreicher-spieltag\/","title":{"rendered":"Kein erfolgreicher Spieltag"},"content":{"rendered":"\n<p>Wer sich die Ergebnis\u00fcbersicht auf fussball.de anschaut, wird leider keinen Sieg einer K\u00f6rner Jugendmannschaft entdecken. An diesem ungl\u00fccklichen Samstag spielten die Teams wie folgt.<\/p>\n\n\n\n<p>Die E2-Jugend musste eine 12:0 Niederlage gegen den Tabellenf\u00fchrer BSV Sch\u00fcren hinnehmen. Die E1-Jugend (siehe Foto) musste sich beim Wambeler SV knapp mit 6:5 geschlagen geben.<\/p>\n\n\n\n<p>Die D-Jugend verlor ihr Heimspiel gegen den SV Brackel 06 III mit 3:1. Die C-Jugend verlor gegen den FC Br\u00fcnninghausen III mit 5:1. Bereits in der 1. Halbzeit hatten die Br\u00fcnninghausener einen 3 Torevorsprung erspielt. Die B-Jugend verlor das Derby gegen DJK TuS K\u00f6rne eindeutig mit 10:0. <\/p>\n","protected":false},"excerpt":{"rendered":"<p>Wer sich die Ergebnis\u00fcbersicht auf fussball.de anschaut, wird leider keinen Sieg einer K\u00f6rner Jugendmannschaft entdecken. An diesem ungl\u00fccklichen Samstag spielten die Teams wie folgt. Die E2-Jugend musste eine 12:0 Niederlage [&hellip;]<\/p>\n","protected":false},"author":2,"featured_media":1047,"comment_status":"closed","ping_status":"open","sticky":false,"template":"","format":"standard","meta":{"_jetpack_memberships_contains_paid_content":false,"footnotes":""},"categories":[1,35],"tags":[],"class_list":["post-1049","post","type-post","status-publish","format-standard","has-post-thumbnail","hentry","category-allgemein","category-jugend"],"jetpack_sharing_enabled":true,"jetpack_featured_media_url":"https:\/\/sv-koerne83.de\/wordpress\/wp-content\/uploads\/2019\/11\/dd33e3cc-d6b0-4703-9200-85b5960b95bc.jpg","_links":{"self":[{"href":"https:\/\/sv-koerne83.de\/wordpress\/wp-json\/wp\/v2\/posts\/1049","targetHints":{"allow":["GET"]}}],"collection":[{"href":"https:\/\/sv-koerne83.de\/wordpress\/wp-json\/wp\/v2\/posts"}],"about":[{"href":"https:\/\/sv-koerne83.de\/wordpress\/wp-json\/wp\/v2\/types\/post"}],"author":[{"embeddable":true,"href":"https:\/\/sv-koerne83.de\/wordpress\/wp-json\/wp\/v2\/users\/2"}],"replies":[{"embeddable":true,"href":"https:\/\/sv-koerne83.de\/wordpress\/wp-json\/wp\/v2\/comments?post=1049"}],"version-history":[{"count":1,"href":"https:\/\/sv-koerne83.de\/wordpress\/wp-json\/wp\/v2\/posts\/1049\/revisions"}],"predecessor-version":[{"id":1050,"href":"https:\/\/sv-koerne83.de\/wordpress\/wp-json\/wp\/v2\/posts\/1049\/revisions\/1050"}],"wp:featuredmedia":[{"embeddable":true,"href":"https:\/\/sv-koerne83.de\/wordpress\/wp-json\/wp\/v2\/media\/1047"}],"wp:attachment":[{"href":"https:\/\/sv-koerne83.de\/wordpress\/wp-json\/wp\/v2\/media?parent=1049"}],"wp:term":[{"taxonomy":"category","embeddable":true,"href":"https:\/\/sv-koerne83.de\/wordpress\/wp-json\/wp\/v2\/categories?post=1049"},{"taxonomy":"post_tag","embeddable":true,"href":"https:\/\/sv-koerne83.de\/wordpress\/wp-json\/wp\/v2\/tags?post=1049"}],"curies":[{"name":"wp","href":"https:\/\/api.w.org\/{rel}","templated":true}]}}