{"id":1054,"date":"2019-11-18T10:12:01","date_gmt":"2019-11-18T09:12:01","guid":{"rendered":"https:\/\/sv-koerne83.de\/wordpress\/?p=1054"},"modified":"2019-11-18T10:12:02","modified_gmt":"2019-11-18T09:12:02","slug":"herbstmeisterschaft-fuer-1-mannschaft","status":"publish","type":"post","link":"https:\/\/sv-koerne83.de\/wordpress\/2019\/11\/18\/herbstmeisterschaft-fuer-1-mannschaft\/","title":{"rendered":"Herbstmeisterschaft f\u00fcr 1. Mannschaft"},"content":{"rendered":"\n<p>Die 1. Mannschaft gewann ihr Ausw\u00e4rtsspiel beim SV Brackel 06 II mit 7:0 und konnte damit die Herbstmeisterschaft einfahren. Die Tore erzielten Andre Rech, Tomas Rucinskas (2x), Marc Grabemann, Viktor Pusch und Robin Porps (2x).<\/p>\n\n\n\n<p>Die 2. Mannschaft verlor beim TuS Holzen-Sommerberg II mit 2:1. Die 2:0 F\u00fchrung der Gastgeber konnte Nico Starke zwar noch auf 2:1 verk\u00fcrzen, jedoch reichte es nicht mehr f\u00fcr den Ausgleichstreffer.<\/p>\n\n\n\n<p>Die 3. Mannschaft gewann gegen K.F. Sharri II mit 3:2. Suzan Hamo konnte sich zweimal in die Torsch\u00fctzenliste eintragen. Holger Zenn traf zur zwischenzeitlichen 3:1 F\u00fchrung.<\/p>\n\n\n\n<p>Die 4. Mannschaft verlor gegen den Tabellenf\u00fchrer SG Gahmen II mit 4:0. Zur Halbzeit lag die Mannschaft lediglich mit 1:0 hinten, musste jedoch in der 2. Halbzeit noch weitere 3 Treffer hinnehmen.<\/p>\n","protected":false},"excerpt":{"rendered":"<p>Die 1. Mannschaft gewann ihr Ausw\u00e4rtsspiel beim SV Brackel 06 II mit 7:0 und konnte damit die Herbstmeisterschaft einfahren. Die Tore erzielten Andre Rech, Tomas Rucinskas (2x), Marc Grabemann, Viktor [&hellip;]<\/p>\n","protected":false},"author":2,"featured_media":1053,"comment_status":"closed","ping_status":"open","sticky":false,"template":"","format":"standard","meta":{"_jetpack_memberships_contains_paid_content":false,"footnotes":""},"categories":[30,31,32,33,1],"tags":[],"class_list":["post-1054","post","type-post","status-publish","format-standard","has-post-thumbnail","hentry","category-1-mannschaft","category-2-mannschaft","category-3-mannschaft","category-4-mannschaft","category-allgemein"],"jetpack_sharing_enabled":true,"jetpack_featured_media_url":"https:\/\/sv-koerne83.de\/wordpress\/wp-content\/uploads\/2019\/11\/0acad6df-7dc8-4174-b637-e3e992c61a8e.jpg","_links":{"self":[{"href":"https:\/\/sv-koerne83.de\/wordpress\/wp-json\/wp\/v2\/posts\/1054","targetHints":{"allow":["GET"]}}],"collection":[{"href":"https:\/\/sv-koerne83.de\/wordpress\/wp-json\/wp\/v2\/posts"}],"about":[{"href":"https:\/\/sv-koerne83.de\/wordpress\/wp-json\/wp\/v2\/types\/post"}],"author":[{"embeddable":true,"href":"https:\/\/sv-koerne83.de\/wordpress\/wp-json\/wp\/v2\/users\/2"}],"replies":[{"embeddable":true,"href":"https:\/\/sv-koerne83.de\/wordpress\/wp-json\/wp\/v2\/comments?post=1054"}],"version-history":[{"count":1,"href":"https:\/\/sv-koerne83.de\/wordpress\/wp-json\/wp\/v2\/posts\/1054\/revisions"}],"predecessor-version":[{"id":1055,"href":"https:\/\/sv-koerne83.de\/wordpress\/wp-json\/wp\/v2\/posts\/1054\/revisions\/1055"}],"wp:featuredmedia":[{"embeddable":true,"href":"https:\/\/sv-koerne83.de\/wordpress\/wp-json\/wp\/v2\/media\/1053"}],"wp:attachment":[{"href":"https:\/\/sv-koerne83.de\/wordpress\/wp-json\/wp\/v2\/media?parent=1054"}],"wp:term":[{"taxonomy":"category","embeddable":true,"href":"https:\/\/sv-koerne83.de\/wordpress\/wp-json\/wp\/v2\/categories?post=1054"},{"taxonomy":"post_tag","embeddable":true,"href":"https:\/\/sv-koerne83.de\/wordpress\/wp-json\/wp\/v2\/tags?post=1054"}],"curies":[{"name":"wp","href":"https:\/\/api.w.org\/{rel}","templated":true}]}}