{"id":1063,"date":"2019-11-22T13:56:41","date_gmt":"2019-11-22T12:56:41","guid":{"rendered":"https:\/\/sv-koerne83.de\/wordpress\/?p=1063"},"modified":"2019-11-22T13:56:42","modified_gmt":"2019-11-22T12:56:42","slug":"jugendspieltag","status":"publish","type":"post","link":"https:\/\/sv-koerne83.de\/wordpress\/2019\/11\/22\/jugendspieltag\/","title":{"rendered":"Jugendspieltag"},"content":{"rendered":"\n<p>An diesem Samstag finden fast alle Jugendspiele ausw\u00e4rts statt. Lediglich die F2-Jugend bestreitet ein Heimspiel. <\/p>\n\n\n\n<p>Die G-Jugend spielt um 10.00 Uhr bei Westfalia Kirchlinde. Gespielt wird auf der Sportanlage am B\u00e4renbruch. Die F3-Jugend spielt bereits heute beim L\u00fcner SV. Ansto\u00df am Schwansbeller Weg ist um 17.30 Uhr. Die F2-Jugend empf\u00e4ngt den TuS Deusen II. Ansto\u00df am Winkelriedweg ist um 10.00 Uhr. Die F1-Jugend reist zum BV Brambauer. Ansto\u00df am Freibad in L\u00fcnen ist um 11.30 Uhr. Die E1-Jugend spielt im Kreispokal gegen Eving Selimiye Spor. Ansto\u00df am Gr\u00e4vingholz ist um 11.00 Uhr. Die D-Jugend reist ebenfalls zum Pokalspiel zu Eving Selimiye Spor. Ansto\u00df ist um 12.30 Uhr. Die C-Jugend spielt beim ASC 09 Dortmund II. Ansto\u00df an der Schweizer Allee ist um 11.00 Uhr. Die B-Jugend reist zum SV Berghofen. Ansto\u00df an der Berghofer Stra\u00dfe ist um 16.00 Uhr. Die A-Jugend spielt gegen TuS Holzen-Sommerberg II. Ansto\u00df an der Heinrich-Pieper-Str. ist um 16.00 Uhr. <\/p>\n","protected":false},"excerpt":{"rendered":"<p>An diesem Samstag finden fast alle Jugendspiele ausw\u00e4rts statt. Lediglich die F2-Jugend bestreitet ein Heimspiel. Die G-Jugend spielt um 10.00 Uhr bei Westfalia Kirchlinde. Gespielt wird auf der Sportanlage am [&hellip;]<\/p>\n","protected":false},"author":2,"featured_media":880,"comment_status":"closed","ping_status":"open","sticky":false,"template":"","format":"standard","meta":{"_jetpack_memberships_contains_paid_content":false,"footnotes":""},"categories":[1,35],"tags":[],"class_list":["post-1063","post","type-post","status-publish","format-standard","has-post-thumbnail","hentry","category-allgemein","category-jugend"],"jetpack_sharing_enabled":true,"jetpack_featured_media_url":"https:\/\/sv-koerne83.de\/wordpress\/wp-content\/uploads\/2019\/10\/jugendspieltag.jpg","_links":{"self":[{"href":"https:\/\/sv-koerne83.de\/wordpress\/wp-json\/wp\/v2\/posts\/1063","targetHints":{"allow":["GET"]}}],"collection":[{"href":"https:\/\/sv-koerne83.de\/wordpress\/wp-json\/wp\/v2\/posts"}],"about":[{"href":"https:\/\/sv-koerne83.de\/wordpress\/wp-json\/wp\/v2\/types\/post"}],"author":[{"embeddable":true,"href":"https:\/\/sv-koerne83.de\/wordpress\/wp-json\/wp\/v2\/users\/2"}],"replies":[{"embeddable":true,"href":"https:\/\/sv-koerne83.de\/wordpress\/wp-json\/wp\/v2\/comments?post=1063"}],"version-history":[{"count":1,"href":"https:\/\/sv-koerne83.de\/wordpress\/wp-json\/wp\/v2\/posts\/1063\/revisions"}],"predecessor-version":[{"id":1064,"href":"https:\/\/sv-koerne83.de\/wordpress\/wp-json\/wp\/v2\/posts\/1063\/revisions\/1064"}],"wp:featuredmedia":[{"embeddable":true,"href":"https:\/\/sv-koerne83.de\/wordpress\/wp-json\/wp\/v2\/media\/880"}],"wp:attachment":[{"href":"https:\/\/sv-koerne83.de\/wordpress\/wp-json\/wp\/v2\/media?parent=1063"}],"wp:term":[{"taxonomy":"category","embeddable":true,"href":"https:\/\/sv-koerne83.de\/wordpress\/wp-json\/wp\/v2\/categories?post=1063"},{"taxonomy":"post_tag","embeddable":true,"href":"https:\/\/sv-koerne83.de\/wordpress\/wp-json\/wp\/v2\/tags?post=1063"}],"curies":[{"name":"wp","href":"https:\/\/api.w.org\/{rel}","templated":true}]}}