{"id":1068,"date":"2019-11-23T17:29:46","date_gmt":"2019-11-23T16:29:46","guid":{"rendered":"https:\/\/sv-koerne83.de\/wordpress\/?p=1068"},"modified":"2019-11-23T17:29:47","modified_gmt":"2019-11-23T16:29:47","slug":"punkteteilung-in-brambauer","status":"publish","type":"post","link":"https:\/\/sv-koerne83.de\/wordpress\/2019\/11\/23\/punkteteilung-in-brambauer\/","title":{"rendered":"Punkteteilung in Brambauer"},"content":{"rendered":"\n<p>Ein hartumk\u00e4mpftes Spiel zwischen dem BV Brambauer 13\/54 und der F1-Jugend vom SV K\u00f6rne 83 endete leistungsgerecht 2:2.<\/p>\n\n\n\n<p>Bei besten Bedingungen in der Gl\u00fcckauf-Arena ging es direkt zur Sache mit Torchancen auf beiden Seiten. Carl R\u00f6sing stellte nach 15 Minuten mit einem satten Linksschuss auf 1:0 f\u00fcr die Jungs vom SV K\u00f6rne. Nach der Pause drehte Brambauer m\u00e4chtig auf und f\u00fchrte pl\u00f6tzlich 2:1. Die K\u00f6rner um Kapit\u00e4n Alexander Kuhles lie\u00dfen sich dadurch nicht verunsichern und k\u00e4mpften sich ins Spiel zur\u00fcck. Schlie\u00dflich gelang dem b\u00e4renstarken Jakob Sch\u00e4fer ein sehenswerter Distanzschuss zum 2:2. Die hektische Schlussphase mit zahlreichen Ecken ermittelte dann keinen Sieger mehr.<\/p>\n","protected":false},"excerpt":{"rendered":"<p>Ein hartumk\u00e4mpftes Spiel zwischen dem BV Brambauer 13\/54 und der F1-Jugend vom SV K\u00f6rne 83 endete leistungsgerecht 2:2. Bei besten Bedingungen in der Gl\u00fcckauf-Arena ging es direkt zur Sache mit [&hellip;]<\/p>\n","protected":false},"author":2,"featured_media":1067,"comment_status":"closed","ping_status":"open","sticky":false,"template":"","format":"standard","meta":{"_jetpack_memberships_contains_paid_content":false,"footnotes":""},"categories":[1,35],"tags":[],"class_list":["post-1068","post","type-post","status-publish","format-standard","has-post-thumbnail","hentry","category-allgemein","category-jugend"],"jetpack_sharing_enabled":true,"jetpack_featured_media_url":"https:\/\/sv-koerne83.de\/wordpress\/wp-content\/uploads\/2019\/11\/img_0901.jpg","_links":{"self":[{"href":"https:\/\/sv-koerne83.de\/wordpress\/wp-json\/wp\/v2\/posts\/1068","targetHints":{"allow":["GET"]}}],"collection":[{"href":"https:\/\/sv-koerne83.de\/wordpress\/wp-json\/wp\/v2\/posts"}],"about":[{"href":"https:\/\/sv-koerne83.de\/wordpress\/wp-json\/wp\/v2\/types\/post"}],"author":[{"embeddable":true,"href":"https:\/\/sv-koerne83.de\/wordpress\/wp-json\/wp\/v2\/users\/2"}],"replies":[{"embeddable":true,"href":"https:\/\/sv-koerne83.de\/wordpress\/wp-json\/wp\/v2\/comments?post=1068"}],"version-history":[{"count":1,"href":"https:\/\/sv-koerne83.de\/wordpress\/wp-json\/wp\/v2\/posts\/1068\/revisions"}],"predecessor-version":[{"id":1069,"href":"https:\/\/sv-koerne83.de\/wordpress\/wp-json\/wp\/v2\/posts\/1068\/revisions\/1069"}],"wp:featuredmedia":[{"embeddable":true,"href":"https:\/\/sv-koerne83.de\/wordpress\/wp-json\/wp\/v2\/media\/1067"}],"wp:attachment":[{"href":"https:\/\/sv-koerne83.de\/wordpress\/wp-json\/wp\/v2\/media?parent=1068"}],"wp:term":[{"taxonomy":"category","embeddable":true,"href":"https:\/\/sv-koerne83.de\/wordpress\/wp-json\/wp\/v2\/categories?post=1068"},{"taxonomy":"post_tag","embeddable":true,"href":"https:\/\/sv-koerne83.de\/wordpress\/wp-json\/wp\/v2\/tags?post=1068"}],"curies":[{"name":"wp","href":"https:\/\/api.w.org\/{rel}","templated":true}]}}