{"id":1084,"date":"2019-11-30T13:56:28","date_gmt":"2019-11-30T12:56:28","guid":{"rendered":"https:\/\/sv-koerne83.de\/wordpress\/?p=1084"},"modified":"2019-11-30T13:56:28","modified_gmt":"2019-11-30T12:56:28","slug":"spaete-niederlage-in-wambel","status":"publish","type":"post","link":"https:\/\/sv-koerne83.de\/wordpress\/2019\/11\/30\/spaete-niederlage-in-wambel\/","title":{"rendered":"Sp\u00e4te Niederlage in Wambel"},"content":{"rendered":"\n<p>Die F1-Jugend unterlag in einem spannenden Spiel sp\u00e4t beim Wambeler SV<\/p>\n\n\n\n<p>Die Wambeler waren mit der Empfehlung von 8 Siegen aus 10 Spielen angetreten und spielten mit entsprechend breiter Brust auf. Die K\u00f6rner Abwehr stand gut organisiert und sehr kompakt, konnte die F\u00fchrung der Hausherren aber nicht verhindern. In der Folge erh\u00f6hte die Mannschaft von Andreas Lorenz und Heiko Sasse den Druck und zwang den Gegner so zu einem Eigentor, dem 1:1 Pausenstand. Nach dem Wechsel ging es direkt intensiv weiter mit zahlreichen Chancen auf beiden Seiten. Die erneute F\u00fchrung der Platzherren glich Julius Krause mit einer sehenswerten Einzelleistung zum 2:2 aus. Als alles auf ein leistungsgerechtes Unentschieden an der Sendstra\u00dfe hindeutete gelang dem Wambeler SV Sekunden vor dem Ende noch der gl\u00fcckliche Siegtreffer.<\/p>\n\n\n\n<p>N\u00e4chste Woche steht f\u00fcr die F1 des SV K\u00f6rne 83 das Derby gegen die Nachbarn vom DJK TuS K\u00f6rne an. Ansto\u00df 10.00 Uhr daheim im Affenk\u00e4fig.<\/p>\n","protected":false},"excerpt":{"rendered":"<p>Die F1-Jugend unterlag in einem spannenden Spiel sp\u00e4t beim Wambeler SV Die Wambeler waren mit der Empfehlung von 8 Siegen aus 10 Spielen angetreten und spielten mit entsprechend breiter Brust [&hellip;]<\/p>\n","protected":false},"author":2,"featured_media":1082,"comment_status":"closed","ping_status":"open","sticky":false,"template":"","format":"standard","meta":{"_jetpack_memberships_contains_paid_content":false,"footnotes":""},"categories":[1,35],"tags":[],"class_list":["post-1084","post","type-post","status-publish","format-standard","has-post-thumbnail","hentry","category-allgemein","category-jugend"],"jetpack_sharing_enabled":true,"jetpack_featured_media_url":"https:\/\/sv-koerne83.de\/wordpress\/wp-content\/uploads\/2019\/11\/9a305a20-1bd3-4ee0-a5db-c7769bba5499.jpg","_links":{"self":[{"href":"https:\/\/sv-koerne83.de\/wordpress\/wp-json\/wp\/v2\/posts\/1084","targetHints":{"allow":["GET"]}}],"collection":[{"href":"https:\/\/sv-koerne83.de\/wordpress\/wp-json\/wp\/v2\/posts"}],"about":[{"href":"https:\/\/sv-koerne83.de\/wordpress\/wp-json\/wp\/v2\/types\/post"}],"author":[{"embeddable":true,"href":"https:\/\/sv-koerne83.de\/wordpress\/wp-json\/wp\/v2\/users\/2"}],"replies":[{"embeddable":true,"href":"https:\/\/sv-koerne83.de\/wordpress\/wp-json\/wp\/v2\/comments?post=1084"}],"version-history":[{"count":1,"href":"https:\/\/sv-koerne83.de\/wordpress\/wp-json\/wp\/v2\/posts\/1084\/revisions"}],"predecessor-version":[{"id":1085,"href":"https:\/\/sv-koerne83.de\/wordpress\/wp-json\/wp\/v2\/posts\/1084\/revisions\/1085"}],"wp:featuredmedia":[{"embeddable":true,"href":"https:\/\/sv-koerne83.de\/wordpress\/wp-json\/wp\/v2\/media\/1082"}],"wp:attachment":[{"href":"https:\/\/sv-koerne83.de\/wordpress\/wp-json\/wp\/v2\/media?parent=1084"}],"wp:term":[{"taxonomy":"category","embeddable":true,"href":"https:\/\/sv-koerne83.de\/wordpress\/wp-json\/wp\/v2\/categories?post=1084"},{"taxonomy":"post_tag","embeddable":true,"href":"https:\/\/sv-koerne83.de\/wordpress\/wp-json\/wp\/v2\/tags?post=1084"}],"curies":[{"name":"wp","href":"https:\/\/api.w.org\/{rel}","templated":true}]}}