{"id":1091,"date":"2019-12-02T06:27:54","date_gmt":"2019-12-02T05:27:54","guid":{"rendered":"https:\/\/sv-koerne83.de\/wordpress\/?p=1091"},"modified":"2019-12-02T06:27:55","modified_gmt":"2019-12-02T05:27:55","slug":"2-mannschaft-mit-wichtigem-sieg-2","status":"publish","type":"post","link":"https:\/\/sv-koerne83.de\/wordpress\/2019\/12\/02\/2-mannschaft-mit-wichtigem-sieg-2\/","title":{"rendered":"2. Mannschaft mit wichtigem Sieg"},"content":{"rendered":"\n<p>Die 2. Mannschaft konnte beim Tabellendritten VfB Westhofen II einen wichtigen Ausw\u00e4rtssieg einfahren. Der R\u00fcckrundenstart gestaltete sich f\u00fcr die Mannschaft vom Trainerduo Sopar\/Gruhn als sehr positiv. Nico Starke brachte die K\u00f6rner in der 30. Minute mit 1:0 in F\u00fchrung. Kurz vor dem Abpfiff erh\u00f6hte Falco Lieschke auf 2:0. Den entscheidenden 3:0 Endstand erzielte erneut Nico Starke. <\/p>\n\n\n\n<p>Die 3. Mannschaft gewann gegen Posterum United mit 8:2. Suzan Hamo traf 3 mal. Marcel Pr\u00fcfel konnte zwei Treffer erzielen. Linus Paelke, Ufuk Serdar und Ribar Bahloy trafen jeweils einmal. <\/p>\n\n\n\n<p>Die 4. Mannschaft gewann ihr Heimspiel gegen den SV Preu\u00dfen L\u00fcnen II mit 3:1 und klettert mit diesem Sieg auf den 6. Tabellenplatz.<\/p>\n","protected":false},"excerpt":{"rendered":"<p>Die 2. Mannschaft konnte beim Tabellendritten VfB Westhofen II einen wichtigen Ausw\u00e4rtssieg einfahren. Der R\u00fcckrundenstart gestaltete sich f\u00fcr die Mannschaft vom Trainerduo Sopar\/Gruhn als sehr positiv. Nico Starke brachte die [&hellip;]<\/p>\n","protected":false},"author":2,"featured_media":1089,"comment_status":"closed","ping_status":"open","sticky":false,"template":"","format":"standard","meta":{"_jetpack_memberships_contains_paid_content":false,"footnotes":""},"categories":[31,32,33,1],"tags":[],"class_list":["post-1091","post","type-post","status-publish","format-standard","has-post-thumbnail","hentry","category-2-mannschaft","category-3-mannschaft","category-4-mannschaft","category-allgemein"],"jetpack_sharing_enabled":true,"jetpack_featured_media_url":"https:\/\/sv-koerne83.de\/wordpress\/wp-content\/uploads\/2019\/12\/img_0974.jpg","_links":{"self":[{"href":"https:\/\/sv-koerne83.de\/wordpress\/wp-json\/wp\/v2\/posts\/1091","targetHints":{"allow":["GET"]}}],"collection":[{"href":"https:\/\/sv-koerne83.de\/wordpress\/wp-json\/wp\/v2\/posts"}],"about":[{"href":"https:\/\/sv-koerne83.de\/wordpress\/wp-json\/wp\/v2\/types\/post"}],"author":[{"embeddable":true,"href":"https:\/\/sv-koerne83.de\/wordpress\/wp-json\/wp\/v2\/users\/2"}],"replies":[{"embeddable":true,"href":"https:\/\/sv-koerne83.de\/wordpress\/wp-json\/wp\/v2\/comments?post=1091"}],"version-history":[{"count":1,"href":"https:\/\/sv-koerne83.de\/wordpress\/wp-json\/wp\/v2\/posts\/1091\/revisions"}],"predecessor-version":[{"id":1092,"href":"https:\/\/sv-koerne83.de\/wordpress\/wp-json\/wp\/v2\/posts\/1091\/revisions\/1092"}],"wp:featuredmedia":[{"embeddable":true,"href":"https:\/\/sv-koerne83.de\/wordpress\/wp-json\/wp\/v2\/media\/1089"}],"wp:attachment":[{"href":"https:\/\/sv-koerne83.de\/wordpress\/wp-json\/wp\/v2\/media?parent=1091"}],"wp:term":[{"taxonomy":"category","embeddable":true,"href":"https:\/\/sv-koerne83.de\/wordpress\/wp-json\/wp\/v2\/categories?post=1091"},{"taxonomy":"post_tag","embeddable":true,"href":"https:\/\/sv-koerne83.de\/wordpress\/wp-json\/wp\/v2\/tags?post=1091"}],"curies":[{"name":"wp","href":"https:\/\/api.w.org\/{rel}","templated":true}]}}