{"id":1093,"date":"2019-12-05T20:03:40","date_gmt":"2019-12-05T19:03:40","guid":{"rendered":"https:\/\/sv-koerne83.de\/wordpress\/?p=1093"},"modified":"2019-12-05T20:03:40","modified_gmt":"2019-12-05T19:03:40","slug":"internationaler-tag-des-ehrenamtes","status":"publish","type":"post","link":"https:\/\/sv-koerne83.de\/wordpress\/2019\/12\/05\/internationaler-tag-des-ehrenamtes\/","title":{"rendered":"Internationaler Tag des Ehrenamtes"},"content":{"rendered":"\n<p>Auch wir m\u00f6chten an diesem besonderen Tag das Engagement aller ehrenamtlichen Helferinnen und Helfer in unserem und in allen anderen Vereinen hervorheben. Ohne euren Einsatz w\u00e4re ein Vereinsleben nicht denkbar. Gerade heute, am \u201eInternationalen Tag des Ehrenamtes\u201c, soll man f\u00fcr eure Unterst\u00fctzung dankbar sein.<\/p>\n\n\n\n<p>Wir wissen, dass wir ein ganzes Jahr lang auf euch z\u00e4hlen k\u00f6nnen. Bei Wind und Wetter seid ihr am Platz und helft, betreut, spielt, k\u00fcmmert und sorgt euch. Ohne Euch kein Wir.<\/p>\n\n\n\n<p>Wir danken euch f\u00fcr euren Einsatz und das ihr unseren Verein tatkr\u00e4ftig unterst\u00fctzt. DANKESCH\u00d6N!!!<\/p>\n","protected":false},"excerpt":{"rendered":"<p>Auch wir m\u00f6chten an diesem besonderen Tag das Engagement aller ehrenamtlichen Helferinnen und Helfer in unserem und in allen anderen Vereinen hervorheben. Ohne euren Einsatz w\u00e4re ein Vereinsleben nicht denkbar. [&hellip;]<\/p>\n","protected":false},"author":2,"featured_media":1095,"comment_status":"closed","ping_status":"open","sticky":false,"template":"","format":"standard","meta":{"_jetpack_memberships_contains_paid_content":false,"footnotes":""},"categories":[1],"tags":[],"class_list":["post-1093","post","type-post","status-publish","format-standard","has-post-thumbnail","hentry","category-allgemein"],"jetpack_sharing_enabled":true,"jetpack_featured_media_url":"https:\/\/sv-koerne83.de\/wordpress\/wp-content\/uploads\/2019\/12\/img_0992.png","_links":{"self":[{"href":"https:\/\/sv-koerne83.de\/wordpress\/wp-json\/wp\/v2\/posts\/1093","targetHints":{"allow":["GET"]}}],"collection":[{"href":"https:\/\/sv-koerne83.de\/wordpress\/wp-json\/wp\/v2\/posts"}],"about":[{"href":"https:\/\/sv-koerne83.de\/wordpress\/wp-json\/wp\/v2\/types\/post"}],"author":[{"embeddable":true,"href":"https:\/\/sv-koerne83.de\/wordpress\/wp-json\/wp\/v2\/users\/2"}],"replies":[{"embeddable":true,"href":"https:\/\/sv-koerne83.de\/wordpress\/wp-json\/wp\/v2\/comments?post=1093"}],"version-history":[{"count":2,"href":"https:\/\/sv-koerne83.de\/wordpress\/wp-json\/wp\/v2\/posts\/1093\/revisions"}],"predecessor-version":[{"id":1096,"href":"https:\/\/sv-koerne83.de\/wordpress\/wp-json\/wp\/v2\/posts\/1093\/revisions\/1096"}],"wp:featuredmedia":[{"embeddable":true,"href":"https:\/\/sv-koerne83.de\/wordpress\/wp-json\/wp\/v2\/media\/1095"}],"wp:attachment":[{"href":"https:\/\/sv-koerne83.de\/wordpress\/wp-json\/wp\/v2\/media?parent=1093"}],"wp:term":[{"taxonomy":"category","embeddable":true,"href":"https:\/\/sv-koerne83.de\/wordpress\/wp-json\/wp\/v2\/categories?post=1093"},{"taxonomy":"post_tag","embeddable":true,"href":"https:\/\/sv-koerne83.de\/wordpress\/wp-json\/wp\/v2\/tags?post=1093"}],"curies":[{"name":"wp","href":"https:\/\/api.w.org\/{rel}","templated":true}]}}