{"id":1097,"date":"2019-12-06T19:19:15","date_gmt":"2019-12-06T18:19:15","guid":{"rendered":"https:\/\/sv-koerne83.de\/wordpress\/?p=1097"},"modified":"2019-12-06T19:19:16","modified_gmt":"2019-12-06T18:19:16","slug":"jugendspieltag-am-wochenende","status":"publish","type":"post","link":"https:\/\/sv-koerne83.de\/wordpress\/2019\/12\/06\/jugendspieltag-am-wochenende\/","title":{"rendered":"Jugendspieltag am Wochenende"},"content":{"rendered":"\n<p>An diesem Wochenende finden erneut einige Jugendspiele auf dem heimischen Sportplatz statt. Aber auch in der Fremde sind die K\u00f6rne Mannschaften aktiv. <\/p>\n\n\n\n<p>Die G-Jugend reist zum RW Barop. Ansto\u00df an der Stockumer Stra\u00dfe ist um 10.30 Uhr. Die F1-Jugend empf\u00e4ngt zum Derby die Mannschaft vom DJK TuS K\u00f6rne. Ansto\u00df am Winkelriedweg ist um 10.00 Uhr. Die E1-Jugend spielt gegen den BV Brambauer 13\/45 II. Ansto\u00df am Freibad in L\u00fcnen ist um 12.00 Uhr. Die E2-Jugend bestreitet ihr Meisterschaftsspiel gegen TuRa Asseln II. Ansto\u00df am Gr\u00fcningsweg ist um 10.30 Uhr. F\u00fcr die D2-Jugend steht ein Freundschaftspiel auf dem Programm. Um 11.00 Uhr empf\u00e4ngt die Mannschaft am Winkelriedweg das Team vom Erler SV II. Die D1-Jugend spielt gegen den TuS Kruckel und will dort ihre Tabellenf\u00fchrung verteidigen. Ansto\u00df an der R\u00fcdinghauser Stra\u00dfe ist um 11.00 Uhr. <\/p>\n\n\n\n<p>Die C-Jugend reist zum SV Brackel 06 II. Ansto\u00df an der Oesterstra\u00dfe ist um 13:45 Uhr. Die A-Jugend trifft am Sonntagmorgen auf Viktoria Kirchderne. Ansto\u00df am Winkelriedweg ist um 10.30 Uhr. <\/p>\n","protected":false},"excerpt":{"rendered":"<p>An diesem Wochenende finden erneut einige Jugendspiele auf dem heimischen Sportplatz statt. Aber auch in der Fremde sind die K\u00f6rne Mannschaften aktiv. Die G-Jugend reist zum RW Barop. Ansto\u00df an [&hellip;]<\/p>\n","protected":false},"author":2,"featured_media":880,"comment_status":"closed","ping_status":"open","sticky":false,"template":"","format":"standard","meta":{"_jetpack_memberships_contains_paid_content":false,"footnotes":""},"categories":[1,35],"tags":[],"class_list":["post-1097","post","type-post","status-publish","format-standard","has-post-thumbnail","hentry","category-allgemein","category-jugend"],"jetpack_sharing_enabled":true,"jetpack_featured_media_url":"https:\/\/sv-koerne83.de\/wordpress\/wp-content\/uploads\/2019\/10\/jugendspieltag.jpg","_links":{"self":[{"href":"https:\/\/sv-koerne83.de\/wordpress\/wp-json\/wp\/v2\/posts\/1097","targetHints":{"allow":["GET"]}}],"collection":[{"href":"https:\/\/sv-koerne83.de\/wordpress\/wp-json\/wp\/v2\/posts"}],"about":[{"href":"https:\/\/sv-koerne83.de\/wordpress\/wp-json\/wp\/v2\/types\/post"}],"author":[{"embeddable":true,"href":"https:\/\/sv-koerne83.de\/wordpress\/wp-json\/wp\/v2\/users\/2"}],"replies":[{"embeddable":true,"href":"https:\/\/sv-koerne83.de\/wordpress\/wp-json\/wp\/v2\/comments?post=1097"}],"version-history":[{"count":1,"href":"https:\/\/sv-koerne83.de\/wordpress\/wp-json\/wp\/v2\/posts\/1097\/revisions"}],"predecessor-version":[{"id":1098,"href":"https:\/\/sv-koerne83.de\/wordpress\/wp-json\/wp\/v2\/posts\/1097\/revisions\/1098"}],"wp:featuredmedia":[{"embeddable":true,"href":"https:\/\/sv-koerne83.de\/wordpress\/wp-json\/wp\/v2\/media\/880"}],"wp:attachment":[{"href":"https:\/\/sv-koerne83.de\/wordpress\/wp-json\/wp\/v2\/media?parent=1097"}],"wp:term":[{"taxonomy":"category","embeddable":true,"href":"https:\/\/sv-koerne83.de\/wordpress\/wp-json\/wp\/v2\/categories?post=1097"},{"taxonomy":"post_tag","embeddable":true,"href":"https:\/\/sv-koerne83.de\/wordpress\/wp-json\/wp\/v2\/tags?post=1097"}],"curies":[{"name":"wp","href":"https:\/\/api.w.org\/{rel}","templated":true}]}}