{"id":1101,"date":"2019-12-07T20:22:02","date_gmt":"2019-12-07T19:22:02","guid":{"rendered":"https:\/\/sv-koerne83.de\/wordpress\/?p=1101"},"modified":"2019-12-07T20:22:02","modified_gmt":"2019-12-07T19:22:02","slug":"letzter-spieltag-vor-der-winterpause","status":"publish","type":"post","link":"https:\/\/sv-koerne83.de\/wordpress\/2019\/12\/07\/letzter-spieltag-vor-der-winterpause\/","title":{"rendered":"Letzter Spieltag vor der Winterpause"},"content":{"rendered":"\n<p>Am morgigen Sonntag findet f\u00fcr alle Seniorenmannschaften der letzte Spieltag in diesem Jahr statt.<\/p>\n\n\n\n<p>Die 1. Mannschaft empf\u00e4ngt NK Zagreb und kann mit einem Sieg die Tabellenf\u00fchrung verteidigen. Ansto\u00df am Winkelriedweg ist um 15.00 Uhr.<\/p>\n\n\n\n<p>Die 2. Mannschaft spielt gegen VFR Kirchlinde III. Die Mannschaft m\u00f6chte an das gute Ergebnis aus der vergangenen Woche ankn\u00fcpfen. Ansto\u00df am Winkelriedweg ist um 12.30 Uhr.<\/p>\n\n\n\n<p>Die 3. Mannschaft reist zum FC Br\u00fcnninghausen III. Mit einem Sieg \u00fcberwintert die Mannschaft mindestens auf dem 5. Tabellenplatz. Ansto\u00df am Hombruchsfeld ist um 16.30 Uhr.<\/p>\n\n\n\n<p>Die 4. Mannschaft spielt gegen den L\u00fcner SV IV. Auch die 4. Mannschaft kann in der oberen Tabellenh\u00e4lfte \u00fcberwintern. Ansto\u00df am Schwansbeller Weg in L\u00fcnen ist um 13.00 Uhr. <\/p>\n","protected":false},"excerpt":{"rendered":"<p>Am morgigen Sonntag findet f\u00fcr alle Seniorenmannschaften der letzte Spieltag in diesem Jahr statt. Die 1. Mannschaft empf\u00e4ngt NK Zagreb und kann mit einem Sieg die Tabellenf\u00fchrung verteidigen. Ansto\u00df am [&hellip;]<\/p>\n","protected":false},"author":2,"featured_media":621,"comment_status":"closed","ping_status":"open","sticky":false,"template":"","format":"standard","meta":{"_jetpack_memberships_contains_paid_content":false,"footnotes":""},"categories":[30,31,32,33,1],"tags":[],"class_list":["post-1101","post","type-post","status-publish","format-standard","has-post-thumbnail","hentry","category-1-mannschaft","category-2-mannschaft","category-3-mannschaft","category-4-mannschaft","category-allgemein"],"jetpack_sharing_enabled":true,"jetpack_featured_media_url":"https:\/\/sv-koerne83.de\/wordpress\/wp-content\/uploads\/2019\/08\/202CE943-3C8F-4050-A873-A373FC735758.jpeg","_links":{"self":[{"href":"https:\/\/sv-koerne83.de\/wordpress\/wp-json\/wp\/v2\/posts\/1101","targetHints":{"allow":["GET"]}}],"collection":[{"href":"https:\/\/sv-koerne83.de\/wordpress\/wp-json\/wp\/v2\/posts"}],"about":[{"href":"https:\/\/sv-koerne83.de\/wordpress\/wp-json\/wp\/v2\/types\/post"}],"author":[{"embeddable":true,"href":"https:\/\/sv-koerne83.de\/wordpress\/wp-json\/wp\/v2\/users\/2"}],"replies":[{"embeddable":true,"href":"https:\/\/sv-koerne83.de\/wordpress\/wp-json\/wp\/v2\/comments?post=1101"}],"version-history":[{"count":1,"href":"https:\/\/sv-koerne83.de\/wordpress\/wp-json\/wp\/v2\/posts\/1101\/revisions"}],"predecessor-version":[{"id":1102,"href":"https:\/\/sv-koerne83.de\/wordpress\/wp-json\/wp\/v2\/posts\/1101\/revisions\/1102"}],"wp:featuredmedia":[{"embeddable":true,"href":"https:\/\/sv-koerne83.de\/wordpress\/wp-json\/wp\/v2\/media\/621"}],"wp:attachment":[{"href":"https:\/\/sv-koerne83.de\/wordpress\/wp-json\/wp\/v2\/media?parent=1101"}],"wp:term":[{"taxonomy":"category","embeddable":true,"href":"https:\/\/sv-koerne83.de\/wordpress\/wp-json\/wp\/v2\/categories?post=1101"},{"taxonomy":"post_tag","embeddable":true,"href":"https:\/\/sv-koerne83.de\/wordpress\/wp-json\/wp\/v2\/tags?post=1101"}],"curies":[{"name":"wp","href":"https:\/\/api.w.org\/{rel}","templated":true}]}}