{"id":1105,"date":"2019-12-08T09:46:57","date_gmt":"2019-12-08T08:46:57","guid":{"rendered":"https:\/\/sv-koerne83.de\/wordpress\/?p=1105"},"modified":"2019-12-08T09:46:57","modified_gmt":"2019-12-08T08:46:57","slug":"d-jugend-bleibt-tabellenfuehrer-2","status":"publish","type":"post","link":"https:\/\/sv-koerne83.de\/wordpress\/2019\/12\/08\/d-jugend-bleibt-tabellenfuehrer-2\/","title":{"rendered":"D-Jugend bleibt Tabellenf\u00fchrer"},"content":{"rendered":"\n<p>Die D-Jugend konnte durch einen Sieg am gestrigen Samstag die Tabellenf\u00fchrung verteidigen und gr\u00fc\u00dft weiterhin von ganz oben. Das Team von Trainer Andree Schmitz gewann beim TuS Kruckel mit 6:1.<\/p>\n\n\n\n<p>Die E2-Jugend verlor bei TuRa Asseln II \u00e4u\u00dferst knapp mit 5:4. In der Tabelle liegt die Mannschaft weiterhin auf dem 7. Tabellenplatz.<\/p>\n\n\n\n<p>Die E1-Jugend gewann beim BV Brambauer 13\/45 II deutlich mit 10:4 (siehe Foto). Die Mannschaft von Matth\u00e4us Lupa klettert mit diesem Sieg auf den 4. Tabellenplatz.<\/p>\n\n\n\n<p>Die C-Jugend verlor beim SV Brackel 06 II mit 5:1 und musste in diesem Spiel einige Verletzungen hinnehmen. Tabellarisch hat sich f\u00fcr die Mannschaft von Trainer Tobias Schigowski nichts ge\u00e4ndert. Das Team belegt in der Kreisliga B weiterhin den 8. Tabellenplatz. Den verletzten Spielern w\u00fcnschen wir eine gute und schnelle Genesung.  <\/p>\n","protected":false},"excerpt":{"rendered":"<p>Die D-Jugend konnte durch einen Sieg am gestrigen Samstag die Tabellenf\u00fchrung verteidigen und gr\u00fc\u00dft weiterhin von ganz oben. Das Team von Trainer Andree Schmitz gewann beim TuS Kruckel mit 6:1. [&hellip;]<\/p>\n","protected":false},"author":2,"featured_media":1103,"comment_status":"closed","ping_status":"open","sticky":false,"template":"","format":"standard","meta":{"_jetpack_memberships_contains_paid_content":false,"footnotes":""},"categories":[1,35],"tags":[],"class_list":["post-1105","post","type-post","status-publish","format-standard","has-post-thumbnail","hentry","category-allgemein","category-jugend"],"jetpack_sharing_enabled":true,"jetpack_featured_media_url":"https:\/\/sv-koerne83.de\/wordpress\/wp-content\/uploads\/2019\/12\/0db31096-7ad5-4456-9448-fcc224c47d25.jpg","_links":{"self":[{"href":"https:\/\/sv-koerne83.de\/wordpress\/wp-json\/wp\/v2\/posts\/1105","targetHints":{"allow":["GET"]}}],"collection":[{"href":"https:\/\/sv-koerne83.de\/wordpress\/wp-json\/wp\/v2\/posts"}],"about":[{"href":"https:\/\/sv-koerne83.de\/wordpress\/wp-json\/wp\/v2\/types\/post"}],"author":[{"embeddable":true,"href":"https:\/\/sv-koerne83.de\/wordpress\/wp-json\/wp\/v2\/users\/2"}],"replies":[{"embeddable":true,"href":"https:\/\/sv-koerne83.de\/wordpress\/wp-json\/wp\/v2\/comments?post=1105"}],"version-history":[{"count":1,"href":"https:\/\/sv-koerne83.de\/wordpress\/wp-json\/wp\/v2\/posts\/1105\/revisions"}],"predecessor-version":[{"id":1106,"href":"https:\/\/sv-koerne83.de\/wordpress\/wp-json\/wp\/v2\/posts\/1105\/revisions\/1106"}],"wp:featuredmedia":[{"embeddable":true,"href":"https:\/\/sv-koerne83.de\/wordpress\/wp-json\/wp\/v2\/media\/1103"}],"wp:attachment":[{"href":"https:\/\/sv-koerne83.de\/wordpress\/wp-json\/wp\/v2\/media?parent=1105"}],"wp:term":[{"taxonomy":"category","embeddable":true,"href":"https:\/\/sv-koerne83.de\/wordpress\/wp-json\/wp\/v2\/categories?post=1105"},{"taxonomy":"post_tag","embeddable":true,"href":"https:\/\/sv-koerne83.de\/wordpress\/wp-json\/wp\/v2\/tags?post=1105"}],"curies":[{"name":"wp","href":"https:\/\/api.w.org\/{rel}","templated":true}]}}