{"id":1109,"date":"2019-12-09T08:46:58","date_gmt":"2019-12-09T07:46:58","guid":{"rendered":"https:\/\/sv-koerne83.de\/wordpress\/?p=1109"},"modified":"2019-12-09T08:46:58","modified_gmt":"2019-12-09T07:46:58","slug":"erfolgloser-sonntag-vor-der-winterpause","status":"publish","type":"post","link":"https:\/\/sv-koerne83.de\/wordpress\/2019\/12\/09\/erfolgloser-sonntag-vor-der-winterpause\/","title":{"rendered":"Erfolgloser Sonntag vor der Winterpause"},"content":{"rendered":"\n<p>F\u00fcr die K\u00f6rner Mannschaften, die am Sonntag auf den Platz durften, verlief der Spieltag ziemlich erfolglos. <\/p>\n\n\n\n<p>Bei der 1. Mannschaft fiel das Spiel gegen NK Zagreb aus, da der Gegner nicht gen\u00fcgend Spieler stellen konnte um anzutreten. Die Mannschaft gewinnt demnach dieses Spiel mit 2:0 und f\u00fchrt weiterhin die Tabelle in der Kreisliga B an. <\/p>\n\n\n\n<p>Die 2. Mannschaft verlor gegen den VfR Kirchlinde III mit 3:2. Zur Halbzeit lag die Mannschaft vom Trainerduo Gruhn\/Sopar mit 0:2 in R\u00fcckstand. Durch zwei Tore von Falco Lieschke konnte der R\u00fcckstand in der 2. Halbzeit egalisiert werden. Der Gast traf jedoch in der 85. Minute zum 3:2 Endstand. <\/p>\n\n\n\n<p>Die 3. Mannschaft verlor beim FC Br\u00fcnninghausen III mit 2:1. Bereits in der 7. Minute lag das Team vom Trainerduo Koebel\/Serdar mit 1:0 hinten. Kurz vor der Pause konnte der FCB auf 2:0 erh\u00f6hen. Tomas Rucinskas verk\u00fcrzte zwar noch auf 2:1, jedoch konnte die Mannschaft den Ausgleichstreffer nicht mehr erzielen. <\/p>\n\n\n\n<p>Die 4. Mannschaft verlor beim L\u00fcner SV IV mit 4:3. Den 1:0 R\u00fcckstand konnte Simon Flo\u00df ausgleichen. Noch vor der Pause musste die Mannschaft zwei weitere Treffer hinnehmen und lag mit 1:3 in der Halbzeit in R\u00fcckstand. Dennis Pirro verk\u00fcrzte auf 3:2 und ein Eigentor der Gastgeber brachte den 3:3 Ausgleich. Die L\u00fcner erzielten jedoch das 4:3 und gaben den Vorsprung nicht mehr her. <\/p>\n\n\n\n<p>Die A-Jugend verlor gegen Viktoria Kirchderne mit 3:1. Nach dem Pausenr\u00fcckstand von 1:0 war es Giuliano Micelli der zum 1:1 ausglich. Die Kirchderne erzielten noch zwei weitere Treffer und gingen als Sieger vom Platz. <\/p>\n","protected":false},"excerpt":{"rendered":"<p>F\u00fcr die K\u00f6rner Mannschaften, die am Sonntag auf den Platz durften, verlief der Spieltag ziemlich erfolglos. Bei der 1. Mannschaft fiel das Spiel gegen NK Zagreb aus, da der Gegner [&hellip;]<\/p>\n","protected":false},"author":2,"featured_media":1107,"comment_status":"closed","ping_status":"open","sticky":false,"template":"","format":"standard","meta":{"_jetpack_memberships_contains_paid_content":false,"footnotes":""},"categories":[30,31,32,33,1,35],"tags":[],"class_list":["post-1109","post","type-post","status-publish","format-standard","has-post-thumbnail","hentry","category-1-mannschaft","category-2-mannschaft","category-3-mannschaft","category-4-mannschaft","category-allgemein","category-jugend"],"jetpack_sharing_enabled":true,"jetpack_featured_media_url":"https:\/\/sv-koerne83.de\/wordpress\/wp-content\/uploads\/2019\/12\/img_1019.jpg","_links":{"self":[{"href":"https:\/\/sv-koerne83.de\/wordpress\/wp-json\/wp\/v2\/posts\/1109","targetHints":{"allow":["GET"]}}],"collection":[{"href":"https:\/\/sv-koerne83.de\/wordpress\/wp-json\/wp\/v2\/posts"}],"about":[{"href":"https:\/\/sv-koerne83.de\/wordpress\/wp-json\/wp\/v2\/types\/post"}],"author":[{"embeddable":true,"href":"https:\/\/sv-koerne83.de\/wordpress\/wp-json\/wp\/v2\/users\/2"}],"replies":[{"embeddable":true,"href":"https:\/\/sv-koerne83.de\/wordpress\/wp-json\/wp\/v2\/comments?post=1109"}],"version-history":[{"count":1,"href":"https:\/\/sv-koerne83.de\/wordpress\/wp-json\/wp\/v2\/posts\/1109\/revisions"}],"predecessor-version":[{"id":1110,"href":"https:\/\/sv-koerne83.de\/wordpress\/wp-json\/wp\/v2\/posts\/1109\/revisions\/1110"}],"wp:featuredmedia":[{"embeddable":true,"href":"https:\/\/sv-koerne83.de\/wordpress\/wp-json\/wp\/v2\/media\/1107"}],"wp:attachment":[{"href":"https:\/\/sv-koerne83.de\/wordpress\/wp-json\/wp\/v2\/media?parent=1109"}],"wp:term":[{"taxonomy":"category","embeddable":true,"href":"https:\/\/sv-koerne83.de\/wordpress\/wp-json\/wp\/v2\/categories?post=1109"},{"taxonomy":"post_tag","embeddable":true,"href":"https:\/\/sv-koerne83.de\/wordpress\/wp-json\/wp\/v2\/tags?post=1109"}],"curies":[{"name":"wp","href":"https:\/\/api.w.org\/{rel}","templated":true}]}}