{"id":1113,"date":"2019-12-14T14:38:55","date_gmt":"2019-12-14T13:38:55","guid":{"rendered":"https:\/\/sv-koerne83.de\/wordpress\/?p=1113"},"modified":"2019-12-14T14:38:56","modified_gmt":"2019-12-14T13:38:56","slug":"f1-unterliegt-zu-hoch-in-brechten","status":"publish","type":"post","link":"https:\/\/sv-koerne83.de\/wordpress\/2019\/12\/14\/f1-unterliegt-zu-hoch-in-brechten\/","title":{"rendered":"F1 unterliegt zu hoch in Brechten"},"content":{"rendered":"\n<p>Zum Abschluss der Hinrunde hatte man sich viel vorgenommen. Doch am Ende unterlag die F1 beim TV Brechten zu deutlich mit 2:7.<\/p>\n\n\n\n<p>Die erste H\u00e4lfte war v\u00f6llig ausgeglichen und der F\u00fchrungstreffer der Hausherren fiel, als die Situation vor dem K\u00f6rner Tor eigentlich schon gekl\u00e4rt war. Nach dem Wechsel f\u00fchrte ein Sonntagsschuss pl\u00f6tzlich zum 2:0. Lucas Kr\u00e4ling konnte dann schnell auf 2:1 verk\u00fcrzen und es sah kurz aus, als k\u00f6nnte der SV K\u00f6rne das Spiel nun drehen. Doch die dann folgende teils ruppige Gangart der Brechtener zeigte seine Wirkung. Konzentration und Ordnung waren dahin. Als dann noch F\u00fchrungsspieler Kjell M\u00fcnzberg nach einem r\u00fcden Foul verletzt vom Platz musste, verlor der SV den Faden und es schlug mehrfach im K\u00f6rner Geh\u00e4use ein. Emil Jungholt konnte zwar mit einem sch\u00f6nen Flachschuss noch zwischenzeitlich auf 2:5 verk\u00fcrzen, in der Schlussphase musste Torwart Franz Jaeger aber noch zwei weitere Male den Ball aus dem Netz holen. &nbsp;<\/p>\n\n\n\n<p>Die Hinrunde ist nun beendet und die Jungs der F1 k\u00f6nnen mit 7 Siegen aus 13 Spielen (7-2-4) stolz in die Winterpause gehen. Am 8. Februar startet die R\u00fcckrunde.<\/p>\n","protected":false},"excerpt":{"rendered":"<p>Zum Abschluss der Hinrunde hatte man sich viel vorgenommen. Doch am Ende unterlag die F1 beim TV Brechten zu deutlich mit 2:7. Die erste H\u00e4lfte war v\u00f6llig ausgeglichen und der [&hellip;]<\/p>\n","protected":false},"author":2,"featured_media":790,"comment_status":"closed","ping_status":"open","sticky":false,"template":"","format":"standard","meta":{"_jetpack_memberships_contains_paid_content":false,"footnotes":""},"categories":[1,35],"tags":[],"class_list":["post-1113","post","type-post","status-publish","format-standard","has-post-thumbnail","hentry","category-allgemein","category-jugend"],"jetpack_sharing_enabled":true,"jetpack_featured_media_url":"https:\/\/sv-koerne83.de\/wordpress\/wp-content\/uploads\/2019\/09\/7D68B0D1-9E64-42B2-B8D3-4418436A0362.jpeg","_links":{"self":[{"href":"https:\/\/sv-koerne83.de\/wordpress\/wp-json\/wp\/v2\/posts\/1113","targetHints":{"allow":["GET"]}}],"collection":[{"href":"https:\/\/sv-koerne83.de\/wordpress\/wp-json\/wp\/v2\/posts"}],"about":[{"href":"https:\/\/sv-koerne83.de\/wordpress\/wp-json\/wp\/v2\/types\/post"}],"author":[{"embeddable":true,"href":"https:\/\/sv-koerne83.de\/wordpress\/wp-json\/wp\/v2\/users\/2"}],"replies":[{"embeddable":true,"href":"https:\/\/sv-koerne83.de\/wordpress\/wp-json\/wp\/v2\/comments?post=1113"}],"version-history":[{"count":1,"href":"https:\/\/sv-koerne83.de\/wordpress\/wp-json\/wp\/v2\/posts\/1113\/revisions"}],"predecessor-version":[{"id":1114,"href":"https:\/\/sv-koerne83.de\/wordpress\/wp-json\/wp\/v2\/posts\/1113\/revisions\/1114"}],"wp:featuredmedia":[{"embeddable":true,"href":"https:\/\/sv-koerne83.de\/wordpress\/wp-json\/wp\/v2\/media\/790"}],"wp:attachment":[{"href":"https:\/\/sv-koerne83.de\/wordpress\/wp-json\/wp\/v2\/media?parent=1113"}],"wp:term":[{"taxonomy":"category","embeddable":true,"href":"https:\/\/sv-koerne83.de\/wordpress\/wp-json\/wp\/v2\/categories?post=1113"},{"taxonomy":"post_tag","embeddable":true,"href":"https:\/\/sv-koerne83.de\/wordpress\/wp-json\/wp\/v2\/tags?post=1113"}],"curies":[{"name":"wp","href":"https:\/\/api.w.org\/{rel}","templated":true}]}}