{"id":1116,"date":"2019-12-16T08:16:56","date_gmt":"2019-12-16T07:16:56","guid":{"rendered":"https:\/\/sv-koerne83.de\/wordpress\/?p=1116"},"modified":"2019-12-16T08:16:56","modified_gmt":"2019-12-16T07:16:56","slug":"e1-feiert-derbysieg","status":"publish","type":"post","link":"https:\/\/sv-koerne83.de\/wordpress\/2019\/12\/16\/e1-feiert-derbysieg\/","title":{"rendered":"E1 feiert Derbysieg"},"content":{"rendered":"\n<p>Die E1-Jugend konnte am vergangenen Samstag einen knappen 7:6 Derbysieg gegen den TuS K\u00f6rne III feiern. Zur Halbzeit lag das Team von Matth\u00e4us Lupa noch mit 3:4 in R\u00fcckstand. In der zweiten Halbzeit drehten die Jungs das Spiel jedoch zu ihren Gunsten.<\/p>\n\n\n\n<p>Die E2-Jugend gewann gegen den SV Berghofen IV mit 5:3. Durch diesen Sieg klettert die Mannschaft von Rita Usang auf den 6. Tabellenplatz.<\/p>\n\n\n\n<p>Die D-Jugend gewann ihr Heimspiel gegen den FC Wellinghofen mit 5:2. Das Team steht nun mit 3 Punkten Vorsprung auf dem 1. Tabellenplatz der Kreisliga C.<\/p>\n\n\n\n<p>Die C-Jugend verlor gegen den SV Preu\u00dfen 07 L\u00fcnen mit 5:0. Gegen den Tabellenzweiten hatte die Mannschaft von Trainer Tobias Schigowski wenig Chancen. Dennoch zeigte sich die Mannschaft in der Kreisliga B von ihrer guten Seite. In der R\u00fcckrunde gilt es noch weitere Punkte zu sammeln, um so auch n\u00e4chstes Jahr in der selben Liga aktiv zu sein. <\/p>\n\n\n\n<p>Die B-Jugend verlor ihr Meisterschaftsspiel gegen den SF Brackel 61 mit 5:0. Die Mannschaft von Trainer Christian Einhaus belegt aktuell den 7. Tabellenplatz.<\/p>\n\n\n\n<p>Die A-Jugend gewann ihr Testspiel gegen SF S\u00f6lderholz II mit 8:0. Jonas Klipsch konnte sich 4x in die Torsch\u00fctzenliste eintragen. F\u00fcr Torwart Daniel Schamne war es auch ein erfolgreicher Sonntag. Nicht ein einziges Mal musste der Keeper hinter sich greifen und den Ball aus dem eigenen Netz holen. <\/p>\n","protected":false},"excerpt":{"rendered":"<p>Die E1-Jugend konnte am vergangenen Samstag einen knappen 7:6 Derbysieg gegen den TuS K\u00f6rne III feiern. Zur Halbzeit lag das Team von Matth\u00e4us Lupa noch mit 3:4 in R\u00fcckstand. In [&hellip;]<\/p>\n","protected":false},"author":2,"featured_media":1115,"comment_status":"closed","ping_status":"open","sticky":false,"template":"","format":"standard","meta":{"_jetpack_memberships_contains_paid_content":false,"footnotes":""},"categories":[1,35],"tags":[],"class_list":["post-1116","post","type-post","status-publish","format-standard","has-post-thumbnail","hentry","category-allgemein","category-jugend"],"jetpack_sharing_enabled":true,"jetpack_featured_media_url":"https:\/\/sv-koerne83.de\/wordpress\/wp-content\/uploads\/2019\/12\/39a0f8ab-bb15-4af5-857c-e60c29b27660.jpg","_links":{"self":[{"href":"https:\/\/sv-koerne83.de\/wordpress\/wp-json\/wp\/v2\/posts\/1116","targetHints":{"allow":["GET"]}}],"collection":[{"href":"https:\/\/sv-koerne83.de\/wordpress\/wp-json\/wp\/v2\/posts"}],"about":[{"href":"https:\/\/sv-koerne83.de\/wordpress\/wp-json\/wp\/v2\/types\/post"}],"author":[{"embeddable":true,"href":"https:\/\/sv-koerne83.de\/wordpress\/wp-json\/wp\/v2\/users\/2"}],"replies":[{"embeddable":true,"href":"https:\/\/sv-koerne83.de\/wordpress\/wp-json\/wp\/v2\/comments?post=1116"}],"version-history":[{"count":1,"href":"https:\/\/sv-koerne83.de\/wordpress\/wp-json\/wp\/v2\/posts\/1116\/revisions"}],"predecessor-version":[{"id":1117,"href":"https:\/\/sv-koerne83.de\/wordpress\/wp-json\/wp\/v2\/posts\/1116\/revisions\/1117"}],"wp:featuredmedia":[{"embeddable":true,"href":"https:\/\/sv-koerne83.de\/wordpress\/wp-json\/wp\/v2\/media\/1115"}],"wp:attachment":[{"href":"https:\/\/sv-koerne83.de\/wordpress\/wp-json\/wp\/v2\/media?parent=1116"}],"wp:term":[{"taxonomy":"category","embeddable":true,"href":"https:\/\/sv-koerne83.de\/wordpress\/wp-json\/wp\/v2\/categories?post=1116"},{"taxonomy":"post_tag","embeddable":true,"href":"https:\/\/sv-koerne83.de\/wordpress\/wp-json\/wp\/v2\/tags?post=1116"}],"curies":[{"name":"wp","href":"https:\/\/api.w.org\/{rel}","templated":true}]}}