{"id":1128,"date":"2019-12-23T08:41:49","date_gmt":"2019-12-23T07:41:49","guid":{"rendered":"https:\/\/sv-koerne83.de\/wordpress\/?p=1128"},"modified":"2019-12-23T08:41:49","modified_gmt":"2019-12-23T07:41:49","slug":"vor-dem-feste-die-erinnerung-ans-beste","status":"publish","type":"post","link":"https:\/\/sv-koerne83.de\/wordpress\/2019\/12\/23\/vor-dem-feste-die-erinnerung-ans-beste\/","title":{"rendered":"Vor dem Feste die Erinnerung ans Beste!"},"content":{"rendered":"\n<p>Vor den Feiertagen m\u00f6chten wir nochmal die Chance nutzen und euch an die diesj\u00e4hrigen Hallenstadtmeisterschaft erinnern. Diese findet am 27. Dezember ab 17.30 Uhr in der Halle Wellinghofen statt. Wir m\u00f6chten unsere Mannschaft lautstark und mit vollem Einsatz unterst\u00fctzen. Die Mannschaft freut sich \u00fcber jeglichen Support. <\/p>\n\n\n\n<p>Das Team von Trainer Viktor Pusch trifft in der diesj\u00e4hrigen Vorrunde auf den Westfalenligisten BSV Sch\u00fcren und auf den B-Ligisten FC Wellinghofen. Gespielt wird, wie oben erw\u00e4hnt, in der Sporthalle Wellinghofen (Am Lieberfeld 13). Das 1. Spiel gegen den BSV Sch\u00fcren beginnt um 17.55 Uhr. Das 2. Spiel gegen den FC Wellinghofen wird um 19.50 Uhr angepfiffen. <\/p>\n\n\n\n<p>Wir w\u00fcnschen euch erholsame Weihnachtstage. Tankt etwas Kraft, um dann gest\u00e4rkt auf der Trib\u00fcne f\u00fcr Stimmung zu sorgen.<\/p>\n","protected":false},"excerpt":{"rendered":"<p>Vor den Feiertagen m\u00f6chten wir nochmal die Chance nutzen und euch an die diesj\u00e4hrigen Hallenstadtmeisterschaft erinnern. Diese findet am 27. Dezember ab 17.30 Uhr in der Halle Wellinghofen statt. Wir [&hellip;]<\/p>\n","protected":false},"author":2,"featured_media":1024,"comment_status":"closed","ping_status":"open","sticky":false,"template":"","format":"standard","meta":{"_jetpack_memberships_contains_paid_content":false,"footnotes":""},"categories":[30,1],"tags":[],"class_list":["post-1128","post","type-post","status-publish","format-standard","has-post-thumbnail","hentry","category-1-mannschaft","category-allgemein"],"jetpack_sharing_enabled":true,"jetpack_featured_media_url":"https:\/\/sv-koerne83.de\/wordpress\/wp-content\/uploads\/2019\/11\/hsm_2019.jpg","_links":{"self":[{"href":"https:\/\/sv-koerne83.de\/wordpress\/wp-json\/wp\/v2\/posts\/1128","targetHints":{"allow":["GET"]}}],"collection":[{"href":"https:\/\/sv-koerne83.de\/wordpress\/wp-json\/wp\/v2\/posts"}],"about":[{"href":"https:\/\/sv-koerne83.de\/wordpress\/wp-json\/wp\/v2\/types\/post"}],"author":[{"embeddable":true,"href":"https:\/\/sv-koerne83.de\/wordpress\/wp-json\/wp\/v2\/users\/2"}],"replies":[{"embeddable":true,"href":"https:\/\/sv-koerne83.de\/wordpress\/wp-json\/wp\/v2\/comments?post=1128"}],"version-history":[{"count":1,"href":"https:\/\/sv-koerne83.de\/wordpress\/wp-json\/wp\/v2\/posts\/1128\/revisions"}],"predecessor-version":[{"id":1129,"href":"https:\/\/sv-koerne83.de\/wordpress\/wp-json\/wp\/v2\/posts\/1128\/revisions\/1129"}],"wp:featuredmedia":[{"embeddable":true,"href":"https:\/\/sv-koerne83.de\/wordpress\/wp-json\/wp\/v2\/media\/1024"}],"wp:attachment":[{"href":"https:\/\/sv-koerne83.de\/wordpress\/wp-json\/wp\/v2\/media?parent=1128"}],"wp:term":[{"taxonomy":"category","embeddable":true,"href":"https:\/\/sv-koerne83.de\/wordpress\/wp-json\/wp\/v2\/categories?post=1128"},{"taxonomy":"post_tag","embeddable":true,"href":"https:\/\/sv-koerne83.de\/wordpress\/wp-json\/wp\/v2\/tags?post=1128"}],"curies":[{"name":"wp","href":"https:\/\/api.w.org\/{rel}","templated":true}]}}