{"id":1176,"date":"2020-01-10T20:30:51","date_gmt":"2020-01-10T19:30:51","guid":{"rendered":"https:\/\/sv-koerne83.de\/wordpress\/?p=1176"},"modified":"2020-01-10T20:30:51","modified_gmt":"2020-01-10T19:30:51","slug":"c-jugend-wintertour-next-stop-muenchen","status":"publish","type":"post","link":"https:\/\/sv-koerne83.de\/wordpress\/2020\/01\/10\/c-jugend-wintertour-next-stop-muenchen\/","title":{"rendered":"C-Jugend Wintertour &#8211; Next Stop M\u00fcnchen"},"content":{"rendered":"\n<p>Am heutigen Freitagmorgen brach unsere C-Jugend wieder zu einem Hallenturnier auf. Dieses Mal reist das Team von Trainer Tobias Schigowski in die bayrische Landeshauptstadt M\u00fcnchen.&nbsp;<\/p>\n\n\n\n<p>Mit der Deutschen Bahn ging es um 10.34 Uhr vom Dortmunder Hauptbahnhof los. Die Ankunft in M\u00fcnchen Laim fand um 16.28 Uhr statt. Die Reisegruppe bezieht dann ihr Mannschaftsquatier.&nbsp;<\/p>\n\n\n\n<p>Samstagabend findet dann das Hallenturnier des FC Aschheim statt. Hier wird der SVK versuchen das bestm\u00f6gliche Ergebnis zu erzielen. Der FC Aschheim stellt in der Saison 2019\/2020 drei Herrenmannschaften, zehn Jugendmannschaften, eine Damenmannschaft und vier M\u00e4dchenmannschaften. Aschheim liegt ca. 16 km von der M\u00fcnchener Innenstadt entfernt.\u00a0Den Spielplan zum Turnier k\u00f6nnt ihr <a rel=\"noreferrer noopener\" aria-label=\"hier (opens in a new tab)\" href=\"https:\/\/sv-koerne83.de\/wordpress\/wp-content\/uploads\/2020\/01\/fc_aschheim.pdf\" target=\"_blank\"><strong><span style=\"text-decoration: underline;\">hier<\/span><\/strong><\/a><strong> <\/strong>einsehen.<\/p>\n\n\n\n<p>Die R\u00fcckfahrt aus M\u00fcnchen ist f\u00fcr Sonntagmorgen geplant.&nbsp;<br>Wir w\u00fcnschen unserer C-Jugend viel Spa\u00df und Erfolg in M\u00fcnchen. &nbsp;<br><\/p>\n\n\n\n<p>Kader M\u00fcnchen: 1 Alexander Halidov,&nbsp;3 Tawid Shamradi, 5 Michael Khassyanov, 8 Tarek El Mohammed, 9 Kassim Ibrahim, 10 Edgar Gettel, 11 Cristian Frantzeskakis,&nbsp;15 Nahuel Adonajio Arispe, 18 Jamie Reidinger, Trainer: Tobias Schigowski, Betreuer: Julian Diederich, Tourist: Maximilian Riede <\/p>\n","protected":false},"excerpt":{"rendered":"<p>Am heutigen Freitagmorgen brach unsere C-Jugend wieder zu einem Hallenturnier auf. Dieses Mal reist das Team von Trainer Tobias Schigowski in die bayrische Landeshauptstadt M\u00fcnchen.&nbsp; Mit der Deutschen Bahn ging [&hellip;]<\/p>\n","protected":false},"author":2,"featured_media":1177,"comment_status":"closed","ping_status":"open","sticky":false,"template":"","format":"standard","meta":{"_jetpack_memberships_contains_paid_content":false,"footnotes":""},"categories":[1,35],"tags":[],"class_list":["post-1176","post","type-post","status-publish","format-standard","has-post-thumbnail","hentry","category-allgemein","category-jugend"],"jetpack_sharing_enabled":true,"jetpack_featured_media_url":"https:\/\/sv-koerne83.de\/wordpress\/wp-content\/uploads\/2020\/01\/sv_allianz.jpg","_links":{"self":[{"href":"https:\/\/sv-koerne83.de\/wordpress\/wp-json\/wp\/v2\/posts\/1176","targetHints":{"allow":["GET"]}}],"collection":[{"href":"https:\/\/sv-koerne83.de\/wordpress\/wp-json\/wp\/v2\/posts"}],"about":[{"href":"https:\/\/sv-koerne83.de\/wordpress\/wp-json\/wp\/v2\/types\/post"}],"author":[{"embeddable":true,"href":"https:\/\/sv-koerne83.de\/wordpress\/wp-json\/wp\/v2\/users\/2"}],"replies":[{"embeddable":true,"href":"https:\/\/sv-koerne83.de\/wordpress\/wp-json\/wp\/v2\/comments?post=1176"}],"version-history":[{"count":2,"href":"https:\/\/sv-koerne83.de\/wordpress\/wp-json\/wp\/v2\/posts\/1176\/revisions"}],"predecessor-version":[{"id":1180,"href":"https:\/\/sv-koerne83.de\/wordpress\/wp-json\/wp\/v2\/posts\/1176\/revisions\/1180"}],"wp:featuredmedia":[{"embeddable":true,"href":"https:\/\/sv-koerne83.de\/wordpress\/wp-json\/wp\/v2\/media\/1177"}],"wp:attachment":[{"href":"https:\/\/sv-koerne83.de\/wordpress\/wp-json\/wp\/v2\/media?parent=1176"}],"wp:term":[{"taxonomy":"category","embeddable":true,"href":"https:\/\/sv-koerne83.de\/wordpress\/wp-json\/wp\/v2\/categories?post=1176"},{"taxonomy":"post_tag","embeddable":true,"href":"https:\/\/sv-koerne83.de\/wordpress\/wp-json\/wp\/v2\/tags?post=1176"}],"curies":[{"name":"wp","href":"https:\/\/api.w.org\/{rel}","templated":true}]}}