{"id":1186,"date":"2020-01-12T20:39:54","date_gmt":"2020-01-12T19:39:54","guid":{"rendered":"https:\/\/sv-koerne83.de\/wordpress\/?p=1186"},"modified":"2020-01-12T20:39:55","modified_gmt":"2020-01-12T19:39:55","slug":"c-jugend-zu-gast-in-muenchen","status":"publish","type":"post","link":"https:\/\/sv-koerne83.de\/wordpress\/2020\/01\/12\/c-jugend-zu-gast-in-muenchen\/","title":{"rendered":"C-Jugend zu Gast in M\u00fcnchen"},"content":{"rendered":"\n<p>An diesem Wochenende reiste unsere C-Jugend nach M\u00fcnchen zum Hallenturnier des FC Aschheim. Bereits am Freitagmorgen machte sich das Team mit dem Zug auf in die bayrische Landeshauptstadt.  Nach gut sechsst\u00fcndiger Fahrt erreichte man p\u00fcnktlich den Zielort. Im A&amp;O Hostel in M\u00fcnchen-Laim bezog die Mannschaft dann ihre Unterkunft f\u00fcr das Wochenende. In unmittelbarer N\u00e4he befanden sich diverse Gesch\u00e4fte zum einkaufen, sowie McDonalds, Burger King, D\u00f6ner- und Pizzabuden. Nat\u00fcrlich war auch eine Playstation im Gep\u00e4ck.  So wurde sehr viel Fifa 20 bis tief in die Nacht gespielt. <\/p>\n\n\n\n<p>Nach einer kurzen Nacht gab es um 8.30 Uhr Fr\u00fchst\u00fcck. Anschlie\u00dfend fuhren die Jungs in die Stadt. Direkt am Marienplatz stieg man aus und es wurden viele Fotos geschossen und ein wenig gebummelt. Auch im Hard Rock Cafe wurde flei\u00dfig eingekauft.<\/p>\n\n\n\n<figure class=\"wp-block-image\"><img loading=\"lazy\" decoding=\"async\" width=\"960\" height=\"540\" src=\"https:\/\/sv-koerne83.de\/wordpress\/wp-content\/uploads\/2020\/01\/img_1445.jpg\" alt=\"\" class=\"wp-image-1181\" srcset=\"https:\/\/sv-koerne83.de\/wordpress\/wp-content\/uploads\/2020\/01\/img_1445.jpg 960w, https:\/\/sv-koerne83.de\/wordpress\/wp-content\/uploads\/2020\/01\/img_1445-300x169.jpg 300w, https:\/\/sv-koerne83.de\/wordpress\/wp-content\/uploads\/2020\/01\/img_1445-768x432.jpg 768w, https:\/\/sv-koerne83.de\/wordpress\/wp-content\/uploads\/2020\/01\/img_1445-128x72.jpg 128w, https:\/\/sv-koerne83.de\/wordpress\/wp-content\/uploads\/2020\/01\/img_1445-32x18.jpg 32w\" sizes=\"auto, (max-width: 960px) 100vw, 960px\" \/><\/figure>\n\n\n\n<p>Als Fu\u00dfballmannschaft sollte man auch einen Abstecher zur Allianz Arena machen. Gesagt, getan. Sch\u00f6nes Stadion, aber trotzdem bleibt der Signal Iduna Park die Nummer 1.<\/p>\n\n\n\n<p>Gegen  14 Uhr ging es dann zur\u00fcck ins Hostel. Nach zwei Stunden Mittagsruhe machte sich der SVK auf zur Halle nach Aschheim. Wir wurden sehr freundlich begr\u00fc\u00dft. Nachdem jede Mannschaft einzeln vorgestellt wurde begann das Turnier mit zwei 4er Gruppen. Leider verlor man die ersten beiden Gruppenspiele. Einerseits fehlte es an der Laufbereitschaft, andererseits an Wachsamkeit und Wille. Immerhin konnte das abschlie\u00dfende Gruppenspiel klar gewonnen werden und so spielte unsere C um Platz 5 und 6. Hier gewann man ebenfalls klar mit 3:0 gegen den FC Aschheim 1. Nach dem Spiel ging es frischgeduscht zur Siegerehrung.  Jedes Team erhielt einen Pokal und Gutscheine.  <\/p>\n\n\n\n<figure class=\"wp-block-image\"><img loading=\"lazy\" decoding=\"async\" width=\"1024\" height=\"768\" src=\"https:\/\/sv-koerne83.de\/wordpress\/wp-content\/uploads\/2020\/01\/47f6f007-4b2b-4c56-8902-e10cd97eb937-1024x768.jpg\" alt=\"\" class=\"wp-image-1184\" srcset=\"https:\/\/sv-koerne83.de\/wordpress\/wp-content\/uploads\/2020\/01\/47f6f007-4b2b-4c56-8902-e10cd97eb937-1024x768.jpg 1024w, https:\/\/sv-koerne83.de\/wordpress\/wp-content\/uploads\/2020\/01\/47f6f007-4b2b-4c56-8902-e10cd97eb937-300x225.jpg 300w, https:\/\/sv-koerne83.de\/wordpress\/wp-content\/uploads\/2020\/01\/47f6f007-4b2b-4c56-8902-e10cd97eb937-768x576.jpg 768w, https:\/\/sv-koerne83.de\/wordpress\/wp-content\/uploads\/2020\/01\/47f6f007-4b2b-4c56-8902-e10cd97eb937-128x96.jpg 128w, https:\/\/sv-koerne83.de\/wordpress\/wp-content\/uploads\/2020\/01\/47f6f007-4b2b-4c56-8902-e10cd97eb937-32x24.jpg 32w, https:\/\/sv-koerne83.de\/wordpress\/wp-content\/uploads\/2020\/01\/47f6f007-4b2b-4c56-8902-e10cd97eb937.jpg 1600w\" sizes=\"auto, (max-width: 1024px) 100vw, 1024px\" \/><\/figure>\n\n\n\n<p>Das Turnier war sehr professionell aufgezogen.  Es gab nicht einmal Theater mit einer Mannschaft. Die Halle, sowie die Kabine waren sehr sauber. Die Cafeteria war sehr gro\u00df.  Selbst dort konnte man die Spiele auf einem Riesenfernseher live verfolgen. Im Anschluss an das Turnier begab man sich auf den Heimweg. Ein gro\u00dfes Dankesch\u00f6n an den sehr netten Busfahrer, der uns unterwegs zur Haltestelle eingesammelt hat, da diese nicht zu finden war. <\/p>\n\n\n\n<p>Spontan entschlossen sich alle schon um Mitternacht den Heimweg anzutreten.  Aufgrund der Bombenentsch\u00e4rfung h\u00e4tte man in Kamen aussteigen m\u00fcssen. So packte man alle Sachen zusammen und checkte aus. Auf der achtst\u00fcndigen R\u00fcckfahrt wurde viel gelacht. Irgendwann waren bei allen Spielern und Betreuern die Akkus leer. Um 8.26 Uhr erreichte die Reisegruppe dann gl\u00fccklich den Dortmunder Hauptbahnhof. <\/p>\n\n\n\n<p>F\u00fcr die Jungs ist jetzt erstmal bis Samstag durchschnaufen angesagt. Dann finden bereits die n\u00e4chsten Highlights statt. Kader A f\u00e4hrt mit Trainer Rainer Halagiera  zum Hallenturnier des B\u00fcnder SV. Abends reist dann noch Kader B zum Mitternachtsturnier des RW Lessenich in Bonn. Hier ist das letzte Vorrundenspiel dieses Hallenspektakels um 0:30 Uhr.<\/p>\n\n\n\n<p>Die C-Jugend des SV K\u00f6rne 83 bedankt sich ganz herzlich beim FC Aschheim und besonders bei Uschi und Toni f\u00fcr das tolle, hochprofessionelle Hallenturnier. Vielen Dank f\u00fcr die Einladung und Servus.<\/p>\n","protected":false},"excerpt":{"rendered":"<p>An diesem Wochenende reiste unsere C-Jugend nach M\u00fcnchen zum Hallenturnier des FC Aschheim. Bereits am Freitagmorgen machte sich das Team mit dem Zug auf in die bayrische Landeshauptstadt. Nach gut [&hellip;]<\/p>\n","protected":false},"author":2,"featured_media":1182,"comment_status":"closed","ping_status":"open","sticky":false,"template":"","format":"standard","meta":{"_jetpack_memberships_contains_paid_content":false,"footnotes":""},"categories":[1,35],"tags":[],"class_list":["post-1186","post","type-post","status-publish","format-standard","has-post-thumbnail","hentry","category-allgemein","category-jugend"],"jetpack_sharing_enabled":true,"jetpack_featured_media_url":"https:\/\/sv-koerne83.de\/wordpress\/wp-content\/uploads\/2020\/01\/0dd0501d-ee8f-4185-9471-ae2eb280f154.jpg","_links":{"self":[{"href":"https:\/\/sv-koerne83.de\/wordpress\/wp-json\/wp\/v2\/posts\/1186","targetHints":{"allow":["GET"]}}],"collection":[{"href":"https:\/\/sv-koerne83.de\/wordpress\/wp-json\/wp\/v2\/posts"}],"about":[{"href":"https:\/\/sv-koerne83.de\/wordpress\/wp-json\/wp\/v2\/types\/post"}],"author":[{"embeddable":true,"href":"https:\/\/sv-koerne83.de\/wordpress\/wp-json\/wp\/v2\/users\/2"}],"replies":[{"embeddable":true,"href":"https:\/\/sv-koerne83.de\/wordpress\/wp-json\/wp\/v2\/comments?post=1186"}],"version-history":[{"count":2,"href":"https:\/\/sv-koerne83.de\/wordpress\/wp-json\/wp\/v2\/posts\/1186\/revisions"}],"predecessor-version":[{"id":1188,"href":"https:\/\/sv-koerne83.de\/wordpress\/wp-json\/wp\/v2\/posts\/1186\/revisions\/1188"}],"wp:featuredmedia":[{"embeddable":true,"href":"https:\/\/sv-koerne83.de\/wordpress\/wp-json\/wp\/v2\/media\/1182"}],"wp:attachment":[{"href":"https:\/\/sv-koerne83.de\/wordpress\/wp-json\/wp\/v2\/media?parent=1186"}],"wp:term":[{"taxonomy":"category","embeddable":true,"href":"https:\/\/sv-koerne83.de\/wordpress\/wp-json\/wp\/v2\/categories?post=1186"},{"taxonomy":"post_tag","embeddable":true,"href":"https:\/\/sv-koerne83.de\/wordpress\/wp-json\/wp\/v2\/tags?post=1186"}],"curies":[{"name":"wp","href":"https:\/\/api.w.org\/{rel}","templated":true}]}}