{"id":1209,"date":"2020-01-31T18:58:46","date_gmt":"2020-01-31T17:58:46","guid":{"rendered":"https:\/\/sv-koerne83.de\/wordpress\/?p=1209"},"modified":"2020-02-01T16:07:27","modified_gmt":"2020-02-01T15:07:27","slug":"b-jugend-sucht-verstaerkung","status":"publish","type":"post","link":"https:\/\/sv-koerne83.de\/wordpress\/2020\/01\/31\/b-jugend-sucht-verstaerkung\/","title":{"rendered":"B-Jugend sucht Verst\u00e4rkung"},"content":{"rendered":"\n<p>F\u00fcr unsere B-Jugend werden noch Spieler gesucht. Du bist 2004 geboren, hast Bock aufs Fu\u00dfballspielen und spielst zurzeit in keinem anderen Fu\u00dfballverein?<\/p>\n\n\n\n<p>Dann w\u00fcrden wir uns freuen, dich an einem unserer Trainingstage, zu einem Probetraining begr\u00fc\u00dfen zu d\u00fcrfen.<\/p>\n\n\n\n<p>Wir trainieren immer Dienstag und Donnerstag von 18:00 Uhr bis 19:30 Uhr.<\/p>\n","protected":false},"excerpt":{"rendered":"<p>F\u00fcr unsere B-Jugend werden noch Spieler gesucht. Du bist 2004 geboren, hast Bock aufs Fu\u00dfballspielen und spielst zurzeit in keinem anderen Fu\u00dfballverein? Dann w\u00fcrden wir uns freuen, dich an einem [&hellip;]<\/p>\n","protected":false},"author":2,"featured_media":1208,"comment_status":"closed","ping_status":"open","sticky":false,"template":"","format":"standard","meta":{"_jetpack_memberships_contains_paid_content":false,"footnotes":""},"categories":[1,35],"tags":[],"class_list":["post-1209","post","type-post","status-publish","format-standard","has-post-thumbnail","hentry","category-allgemein","category-jugend"],"jetpack_sharing_enabled":true,"jetpack_featured_media_url":"https:\/\/sv-koerne83.de\/wordpress\/wp-content\/uploads\/2020\/01\/img_1534.jpg","_links":{"self":[{"href":"https:\/\/sv-koerne83.de\/wordpress\/wp-json\/wp\/v2\/posts\/1209","targetHints":{"allow":["GET"]}}],"collection":[{"href":"https:\/\/sv-koerne83.de\/wordpress\/wp-json\/wp\/v2\/posts"}],"about":[{"href":"https:\/\/sv-koerne83.de\/wordpress\/wp-json\/wp\/v2\/types\/post"}],"author":[{"embeddable":true,"href":"https:\/\/sv-koerne83.de\/wordpress\/wp-json\/wp\/v2\/users\/2"}],"replies":[{"embeddable":true,"href":"https:\/\/sv-koerne83.de\/wordpress\/wp-json\/wp\/v2\/comments?post=1209"}],"version-history":[{"count":2,"href":"https:\/\/sv-koerne83.de\/wordpress\/wp-json\/wp\/v2\/posts\/1209\/revisions"}],"predecessor-version":[{"id":1212,"href":"https:\/\/sv-koerne83.de\/wordpress\/wp-json\/wp\/v2\/posts\/1209\/revisions\/1212"}],"wp:featuredmedia":[{"embeddable":true,"href":"https:\/\/sv-koerne83.de\/wordpress\/wp-json\/wp\/v2\/media\/1208"}],"wp:attachment":[{"href":"https:\/\/sv-koerne83.de\/wordpress\/wp-json\/wp\/v2\/media?parent=1209"}],"wp:term":[{"taxonomy":"category","embeddable":true,"href":"https:\/\/sv-koerne83.de\/wordpress\/wp-json\/wp\/v2\/categories?post=1209"},{"taxonomy":"post_tag","embeddable":true,"href":"https:\/\/sv-koerne83.de\/wordpress\/wp-json\/wp\/v2\/tags?post=1209"}],"curies":[{"name":"wp","href":"https:\/\/api.w.org\/{rel}","templated":true}]}}