{"id":1222,"date":"2020-02-07T08:41:22","date_gmt":"2020-02-07T07:41:22","guid":{"rendered":"https:\/\/sv-koerne83.de\/wordpress\/?p=1222"},"modified":"2020-02-07T08:41:22","modified_gmt":"2020-02-07T07:41:22","slug":"endlich-wieder-meisterschaft","status":"publish","type":"post","link":"https:\/\/sv-koerne83.de\/wordpress\/2020\/02\/07\/endlich-wieder-meisterschaft\/","title":{"rendered":"Endlich wieder Meisterschaft"},"content":{"rendered":"\n<p>Am morgigen Samstag bestreiten die Jugendmannschaften wieder Meisterschaftsspiele. Die Zeit der Vorbereitung ist vorbei und es wird wieder um Punkte gespielt. <\/p>\n\n\n\n<p>Die G-Jugend empf\u00e4ngt um 10.00 Uhr das Team von Mengede 08\/20. Ebenfalls um 10.00 Uhr spielt die F2-Jugend, an der Hohwartschule, gegen Preu\u00dfen L\u00fcnen II. Die F1-Jugend reist zu Westfalia Huckarde. Ansto\u00df am Blumenkamp ist um 10.00 Uhr. Die E2-Jugend tritt gegen den FC Brambauer 2012 an. Ansto\u00df am Platz &#8222;zum Karrenbusch&#8220; in Brambauer ist um 11.00 Uhr. Die E1-Jugend trifft auf Ay Yildiz Derne. Ansto\u00df am Pl\u00fcmers Ort ist um 12.00 Uhr. Die D-Jugend empf\u00e4ngt den VfL Schwerte II. Ansto\u00df am Winkelriedweg ist um 11.15 Uhr. <\/p>\n\n\n\n<p>Um 13.00 Uhr bestreitet die F3-Jugend ihr Meisterschaftsspiel beim FC Merkur. Angepfiffen wird auf dem Lortzingplatz (Carl-Holtschneider-Stra\u00dfe). Da die C-Jugend direkt spielfrei in der Meisterschaft hat, bestreitet die Mannschaft von Tobias Schigowski ein Testspiel gegen Eintracht Erle. Ansto\u00df am Winkelriedweg ist um 13.00 Uhr. <\/p>\n\n\n\n<p>Am Sonntag reist die B-Jugend nach H\u00f6rde und trifft im Goystadion auf die Spielgemeinschaft vom H\u00f6rder SC II und dem VfL H\u00f6rde. Ansto\u00df ist um 11.00 Uhr. Die A-Jugend empf\u00e4ngt BW Alstedde II. Ansto\u00df am Winkelriedweg ist um 11.00 Uhr. <\/p>\n\n\n\n<p>Allen Mannschaften viel Erfolg in der R\u00fcckrunde! <\/p>\n","protected":false},"excerpt":{"rendered":"<p>Am morgigen Samstag bestreiten die Jugendmannschaften wieder Meisterschaftsspiele. Die Zeit der Vorbereitung ist vorbei und es wird wieder um Punkte gespielt. Die G-Jugend empf\u00e4ngt um 10.00 Uhr das Team von [&hellip;]<\/p>\n","protected":false},"author":2,"featured_media":880,"comment_status":"closed","ping_status":"open","sticky":false,"template":"","format":"standard","meta":{"_jetpack_memberships_contains_paid_content":false,"footnotes":""},"categories":[1,35],"tags":[],"class_list":["post-1222","post","type-post","status-publish","format-standard","has-post-thumbnail","hentry","category-allgemein","category-jugend"],"jetpack_sharing_enabled":true,"jetpack_featured_media_url":"https:\/\/sv-koerne83.de\/wordpress\/wp-content\/uploads\/2019\/10\/jugendspieltag.jpg","_links":{"self":[{"href":"https:\/\/sv-koerne83.de\/wordpress\/wp-json\/wp\/v2\/posts\/1222","targetHints":{"allow":["GET"]}}],"collection":[{"href":"https:\/\/sv-koerne83.de\/wordpress\/wp-json\/wp\/v2\/posts"}],"about":[{"href":"https:\/\/sv-koerne83.de\/wordpress\/wp-json\/wp\/v2\/types\/post"}],"author":[{"embeddable":true,"href":"https:\/\/sv-koerne83.de\/wordpress\/wp-json\/wp\/v2\/users\/2"}],"replies":[{"embeddable":true,"href":"https:\/\/sv-koerne83.de\/wordpress\/wp-json\/wp\/v2\/comments?post=1222"}],"version-history":[{"count":1,"href":"https:\/\/sv-koerne83.de\/wordpress\/wp-json\/wp\/v2\/posts\/1222\/revisions"}],"predecessor-version":[{"id":1223,"href":"https:\/\/sv-koerne83.de\/wordpress\/wp-json\/wp\/v2\/posts\/1222\/revisions\/1223"}],"wp:featuredmedia":[{"embeddable":true,"href":"https:\/\/sv-koerne83.de\/wordpress\/wp-json\/wp\/v2\/media\/880"}],"wp:attachment":[{"href":"https:\/\/sv-koerne83.de\/wordpress\/wp-json\/wp\/v2\/media?parent=1222"}],"wp:term":[{"taxonomy":"category","embeddable":true,"href":"https:\/\/sv-koerne83.de\/wordpress\/wp-json\/wp\/v2\/categories?post=1222"},{"taxonomy":"post_tag","embeddable":true,"href":"https:\/\/sv-koerne83.de\/wordpress\/wp-json\/wp\/v2\/tags?post=1222"}],"curies":[{"name":"wp","href":"https:\/\/api.w.org\/{rel}","templated":true}]}}