{"id":1236,"date":"2020-02-14T12:23:12","date_gmt":"2020-02-14T11:23:12","guid":{"rendered":"https:\/\/sv-koerne83.de\/wordpress\/?p=1236"},"modified":"2020-02-14T12:23:12","modified_gmt":"2020-02-14T11:23:12","slug":"jugendspieltag-am-wochenende-2","status":"publish","type":"post","link":"https:\/\/sv-koerne83.de\/wordpress\/2020\/02\/14\/jugendspieltag-am-wochenende-2\/","title":{"rendered":"Jugendspieltag am Wochenende"},"content":{"rendered":"\n<p>An diesem Wochenende werden unsere Jugendmannschaften wieder um Punkte spielen. <\/p>\n\n\n\n<p>Die G-Jugend reist nach Sch\u00fcren und trifft dort auf den BSV. Ansto\u00df an der Sch\u00fcrener Stra\u00dfe ist um 10.00 Uhr. Die F3-Jugend trifft im Heimspiel auf den Hombrucher SV III. Ansto\u00df ist um 10.00 Uhr. Die F2-Jugend spielt gegen den Wambeler SV III. Ansto\u00df an der Sendstra\u00dfe ist um 11.00 Uhr. Die F1-Jugend misst sich im Heimspiel um 10.00 Uhr mit dem TV Brechten. <\/p>\n\n\n\n<p>Die E2-Jugend empf\u00e4ngt den FC Wellinghofen. Angepfiffen wird die Partie um 11.15 Uhr am Winkelriedweg. Die E1-Jugend spielt zur selben Zeit gegen den KF Sharri. Die Partie findet ebenfalls am Winkelriedweg statt. <\/p>\n\n\n\n<p>F\u00fcr die C-Jugend beginnt nun auch die R\u00fcckrunde. Das Team f\u00e4hrt zu Ay Yildiz Derne. Ansto\u00df am Pl\u00fcmers Ort ist um 14.00 Uhr. Auch die A-Jugend bestreitet an diesem Samstag ein Spiel. Um 15.00 Uhr empf\u00e4ngt die Mannschaft die Sportfreunde aus S\u00f6lderholz, die mit ihrer A2-Jugend anreisen. <\/p>\n\n\n\n<p>Am Sonntag bestreitet dann noch die B-Jugend ihr Punktspiel gegen den BV L\u00fcnen. Ansto\u00df am Winkelriedweg ist um 11.00 Uhr. Die C-Jugend befindet sich am Sonntag ab 11.00 Uhr in Sprockh\u00f6vel. Dort nimmt sie an einem Hallenturnier in der Sporthalle Hasslinghausen (Geschwister-Scholl-Stra\u00dfe 12, 45549 Sprockh\u00f6vel) teil. <\/p>\n\n\n\n<p>Allen Mannschaften viel Erfolg!<\/p>\n","protected":false},"excerpt":{"rendered":"<p>An diesem Wochenende werden unsere Jugendmannschaften wieder um Punkte spielen. Die G-Jugend reist nach Sch\u00fcren und trifft dort auf den BSV. Ansto\u00df an der Sch\u00fcrener Stra\u00dfe ist um 10.00 Uhr. [&hellip;]<\/p>\n","protected":false},"author":2,"featured_media":880,"comment_status":"closed","ping_status":"open","sticky":false,"template":"","format":"standard","meta":{"_jetpack_memberships_contains_paid_content":false,"footnotes":""},"categories":[1,35],"tags":[],"class_list":["post-1236","post","type-post","status-publish","format-standard","has-post-thumbnail","hentry","category-allgemein","category-jugend"],"jetpack_sharing_enabled":true,"jetpack_featured_media_url":"https:\/\/sv-koerne83.de\/wordpress\/wp-content\/uploads\/2019\/10\/jugendspieltag.jpg","_links":{"self":[{"href":"https:\/\/sv-koerne83.de\/wordpress\/wp-json\/wp\/v2\/posts\/1236","targetHints":{"allow":["GET"]}}],"collection":[{"href":"https:\/\/sv-koerne83.de\/wordpress\/wp-json\/wp\/v2\/posts"}],"about":[{"href":"https:\/\/sv-koerne83.de\/wordpress\/wp-json\/wp\/v2\/types\/post"}],"author":[{"embeddable":true,"href":"https:\/\/sv-koerne83.de\/wordpress\/wp-json\/wp\/v2\/users\/2"}],"replies":[{"embeddable":true,"href":"https:\/\/sv-koerne83.de\/wordpress\/wp-json\/wp\/v2\/comments?post=1236"}],"version-history":[{"count":1,"href":"https:\/\/sv-koerne83.de\/wordpress\/wp-json\/wp\/v2\/posts\/1236\/revisions"}],"predecessor-version":[{"id":1237,"href":"https:\/\/sv-koerne83.de\/wordpress\/wp-json\/wp\/v2\/posts\/1236\/revisions\/1237"}],"wp:featuredmedia":[{"embeddable":true,"href":"https:\/\/sv-koerne83.de\/wordpress\/wp-json\/wp\/v2\/media\/880"}],"wp:attachment":[{"href":"https:\/\/sv-koerne83.de\/wordpress\/wp-json\/wp\/v2\/media?parent=1236"}],"wp:term":[{"taxonomy":"category","embeddable":true,"href":"https:\/\/sv-koerne83.de\/wordpress\/wp-json\/wp\/v2\/categories?post=1236"},{"taxonomy":"post_tag","embeddable":true,"href":"https:\/\/sv-koerne83.de\/wordpress\/wp-json\/wp\/v2\/tags?post=1236"}],"curies":[{"name":"wp","href":"https:\/\/api.w.org\/{rel}","templated":true}]}}