{"id":1241,"date":"2020-02-15T11:02:52","date_gmt":"2020-02-15T10:02:52","guid":{"rendered":"https:\/\/sv-koerne83.de\/wordpress\/?p=1241"},"modified":"2020-02-15T11:02:52","modified_gmt":"2020-02-15T10:02:52","slug":"1-mannschaft-zu-gast-in-der-geist","status":"publish","type":"post","link":"https:\/\/sv-koerne83.de\/wordpress\/2020\/02\/15\/1-mannschaft-zu-gast-in-der-geist\/","title":{"rendered":"1. Mannschaft zu Gast in der Geist"},"content":{"rendered":"\n<p>Die 1. Mannschaft reist am morgigen Sonntag nach L\u00fcnen und trifft dort auf den BV L\u00fcnen 05 II. Die L\u00fcner konnten sich in der Winterpausen mit einigen Neuzug\u00e4ngen verst\u00e4rken und m\u00f6chten die R\u00fcckrunde positiv gestalten. F\u00fcr die Mannschaft von Trainer Viktor Pusch geht es darum, die Tabellenf\u00fchrung zu verteidigen. Ansto\u00df an der Moltkestra\u00dfe ist um 13.00 Uhr. <\/p>\n\n\n\n<p>Die 2. Mannschaft trifft auf den Tabellenf\u00fchrer VfL H\u00f6rde. Die H\u00f6rder mussten in dieser Saison erst eine Niederlage hinnehmen. Ansto\u00df im Goystadion ist um 15.00 Uhr. <\/p>\n\n\n\n<p>Die 3. Mannschaft empf\u00e4ngt den SV Berghofen III. Ein Duell der beiden Tabellennachbarn. Nur einen Punkt liegt zwischen unserer 3. Mannschaft und dem Team aus Berghofen. Ansto\u00df am Winkelriedweg ist um 15.00 Uhr. <\/p>\n\n\n\n<p>Die 4. Mannschaft spielt gegen den BV L\u00fcnen 05 III. Die L\u00fcner belegen den 2. Tabellenplatz und stellen die 4. Mannschaft vor eine schwierige Aufgabe. Ansto\u00df am Winkelriedweg ist um 13.00 Uhr. <\/p>\n","protected":false},"excerpt":{"rendered":"<p>Die 1. Mannschaft reist am morgigen Sonntag nach L\u00fcnen und trifft dort auf den BV L\u00fcnen 05 II. Die L\u00fcner konnten sich in der Winterpausen mit einigen Neuzug\u00e4ngen verst\u00e4rken und [&hellip;]<\/p>\n","protected":false},"author":2,"featured_media":1240,"comment_status":"closed","ping_status":"open","sticky":false,"template":"","format":"standard","meta":{"_jetpack_memberships_contains_paid_content":false,"footnotes":""},"categories":[30,31,32,33,1],"tags":[],"class_list":["post-1241","post","type-post","status-publish","format-standard","has-post-thumbnail","hentry","category-1-mannschaft","category-2-mannschaft","category-3-mannschaft","category-4-mannschaft","category-allgemein"],"jetpack_sharing_enabled":true,"jetpack_featured_media_url":"https:\/\/sv-koerne83.de\/wordpress\/wp-content\/uploads\/2020\/02\/bvl_svk.jpg","_links":{"self":[{"href":"https:\/\/sv-koerne83.de\/wordpress\/wp-json\/wp\/v2\/posts\/1241","targetHints":{"allow":["GET"]}}],"collection":[{"href":"https:\/\/sv-koerne83.de\/wordpress\/wp-json\/wp\/v2\/posts"}],"about":[{"href":"https:\/\/sv-koerne83.de\/wordpress\/wp-json\/wp\/v2\/types\/post"}],"author":[{"embeddable":true,"href":"https:\/\/sv-koerne83.de\/wordpress\/wp-json\/wp\/v2\/users\/2"}],"replies":[{"embeddable":true,"href":"https:\/\/sv-koerne83.de\/wordpress\/wp-json\/wp\/v2\/comments?post=1241"}],"version-history":[{"count":1,"href":"https:\/\/sv-koerne83.de\/wordpress\/wp-json\/wp\/v2\/posts\/1241\/revisions"}],"predecessor-version":[{"id":1242,"href":"https:\/\/sv-koerne83.de\/wordpress\/wp-json\/wp\/v2\/posts\/1241\/revisions\/1242"}],"wp:featuredmedia":[{"embeddable":true,"href":"https:\/\/sv-koerne83.de\/wordpress\/wp-json\/wp\/v2\/media\/1240"}],"wp:attachment":[{"href":"https:\/\/sv-koerne83.de\/wordpress\/wp-json\/wp\/v2\/media?parent=1241"}],"wp:term":[{"taxonomy":"category","embeddable":true,"href":"https:\/\/sv-koerne83.de\/wordpress\/wp-json\/wp\/v2\/categories?post=1241"},{"taxonomy":"post_tag","embeddable":true,"href":"https:\/\/sv-koerne83.de\/wordpress\/wp-json\/wp\/v2\/tags?post=1241"}],"curies":[{"name":"wp","href":"https:\/\/api.w.org\/{rel}","templated":true}]}}