{"id":1244,"date":"2020-02-15T18:43:42","date_gmt":"2020-02-15T17:43:42","guid":{"rendered":"https:\/\/sv-koerne83.de\/wordpress\/?p=1244"},"modified":"2020-02-15T18:43:42","modified_gmt":"2020-02-15T17:43:42","slug":"die-f1-ueberzeugt-im-heimspiel-gegen-brechten","status":"publish","type":"post","link":"https:\/\/sv-koerne83.de\/wordpress\/2020\/02\/15\/die-f1-ueberzeugt-im-heimspiel-gegen-brechten\/","title":{"rendered":"Die F1 \u00fcberzeugt im Heimspiel gegen Brechten"},"content":{"rendered":"\n<p>Im ersten Heimspiel der R\u00fcckrunde gelang der F1 vom SV K\u00f6rne 83 ein \u00fcberzeugender 6:3 (3:0)-Sieg gegen den TV Brechten.<\/p>\n\n\n\n<p>Bei bestem Fu\u00dfballwetter begann die Mannschaft von Andreas Lorenz und Heiko Sasse konzentriert und zeigte gleich, wer Herr im Hause ist.&nbsp;<\/p>\n\n\n\n<p>Auf das verdiente 1:0 (10.) durch den flinken Carl R\u00f6sing folgte kurz darauf das 2:0 durch Jakob Sch\u00e4fer, der stark nachsetzte.&nbsp;<\/p>\n\n\n\n<p>Der nach mehrmonatiger Verletzungspause zur\u00fcckgekehrte Jaki Lorenz erzielte dann mit einem sehenswerten Distanzschuss den 3:0 Pausenstand.<\/p>\n\n\n\n<p>Nach dem Wechsel ging es nahtlos weiter, die Jungs vom SV K\u00f6rne spielten leidenschaftlich und dominierten die Partie. Carl erh\u00f6hte mit einem satten Linksschuss auf 4:0. Die G\u00e4ste kamen zwar gelegentlich gef\u00e4hrlich vor das K\u00f6rner Tor, doch entweder hielt der b\u00e4renstarke Keeper Kjell M\u00fcnzberg oder das Aluminium rettete. Ein Traumpass des umsichtigen Julius Krause leitete das 5:0 ein, als St\u00fcrmer Edi Schulten den Ball klasse verarbeitete und aus der Drehung einnetzte. Julius selbst war es dann, der zum 6:0 einen Abpraller entschlossen verwerten konnte.&nbsp;<\/p>\n\n\n\n<p>Mit dem Gef\u00fchl der hohen F\u00fchrung lie\u00df die Konzentration dann etwas nach und der Gegner aus Brechten kam in den Schlussminuten noch zu den nicht ganz unverdienten Treffern. Zu mehr reichte es am Ende jedoch nicht und der SV K\u00f6rne konnte sich mit einer geschlossenen Mannschaftsleitung f\u00fcr die ungl\u00fcckliche Niederlage aus der Hinrunde revanchieren.<\/p>\n","protected":false},"excerpt":{"rendered":"<p>Im ersten Heimspiel der R\u00fcckrunde gelang der F1 vom SV K\u00f6rne 83 ein \u00fcberzeugender 6:3 (3:0)-Sieg gegen den TV Brechten. Bei bestem Fu\u00dfballwetter begann die Mannschaft von Andreas Lorenz und [&hellip;]<\/p>\n","protected":false},"author":2,"featured_media":1243,"comment_status":"closed","ping_status":"open","sticky":false,"template":"","format":"standard","meta":{"_jetpack_memberships_contains_paid_content":false,"footnotes":""},"categories":[1,35],"tags":[],"class_list":["post-1244","post","type-post","status-publish","format-standard","has-post-thumbnail","hentry","category-allgemein","category-jugend"],"jetpack_sharing_enabled":true,"jetpack_featured_media_url":"https:\/\/sv-koerne83.de\/wordpress\/wp-content\/uploads\/2020\/02\/img_1596.jpg","_links":{"self":[{"href":"https:\/\/sv-koerne83.de\/wordpress\/wp-json\/wp\/v2\/posts\/1244","targetHints":{"allow":["GET"]}}],"collection":[{"href":"https:\/\/sv-koerne83.de\/wordpress\/wp-json\/wp\/v2\/posts"}],"about":[{"href":"https:\/\/sv-koerne83.de\/wordpress\/wp-json\/wp\/v2\/types\/post"}],"author":[{"embeddable":true,"href":"https:\/\/sv-koerne83.de\/wordpress\/wp-json\/wp\/v2\/users\/2"}],"replies":[{"embeddable":true,"href":"https:\/\/sv-koerne83.de\/wordpress\/wp-json\/wp\/v2\/comments?post=1244"}],"version-history":[{"count":1,"href":"https:\/\/sv-koerne83.de\/wordpress\/wp-json\/wp\/v2\/posts\/1244\/revisions"}],"predecessor-version":[{"id":1245,"href":"https:\/\/sv-koerne83.de\/wordpress\/wp-json\/wp\/v2\/posts\/1244\/revisions\/1245"}],"wp:featuredmedia":[{"embeddable":true,"href":"https:\/\/sv-koerne83.de\/wordpress\/wp-json\/wp\/v2\/media\/1243"}],"wp:attachment":[{"href":"https:\/\/sv-koerne83.de\/wordpress\/wp-json\/wp\/v2\/media?parent=1244"}],"wp:term":[{"taxonomy":"category","embeddable":true,"href":"https:\/\/sv-koerne83.de\/wordpress\/wp-json\/wp\/v2\/categories?post=1244"},{"taxonomy":"post_tag","embeddable":true,"href":"https:\/\/sv-koerne83.de\/wordpress\/wp-json\/wp\/v2\/tags?post=1244"}],"curies":[{"name":"wp","href":"https:\/\/api.w.org\/{rel}","templated":true}]}}