{"id":1246,"date":"2020-02-17T08:54:39","date_gmt":"2020-02-17T07:54:39","guid":{"rendered":"https:\/\/sv-koerne83.de\/wordpress\/?p=1246"},"modified":"2020-02-17T08:54:39","modified_gmt":"2020-02-17T07:54:39","slug":"1-mannschaft-mit-wichtigem-sieg","status":"publish","type":"post","link":"https:\/\/sv-koerne83.de\/wordpress\/2020\/02\/17\/1-mannschaft-mit-wichtigem-sieg\/","title":{"rendered":"1. Mannschaft mit wichtigem Sieg"},"content":{"rendered":"\n<p>Die 1. Mannschaft konnte am gestrigen Sonntag einen wichtigen 4:1 Ausw\u00e4rtserfolg bei BV L\u00fcnen 05 II einfahren. In diesem richtungsweisenden Spiel setzte sich das Team von Trainer Viktor Pusch durch und festigte somit die Tabellenf\u00fchrung. Nachdem die Geister einige gute Chancen auslie\u00dfen und K\u00f6rnes Schlussmann Andree Schmitz viele Chancen vereitelte, war es Marc Grabemann der eine Ecke direkt verwandelte. Nach dem Seitenwechsel erh\u00f6hte die 1. Mannschaft, durch ein Eigentor von Spielertrainer Dennis Gerleve, auf 2:0. Die L\u00fcner konnten ebenfalls durch eine Standardsituation auf 2:1 verk\u00fcrzen und erh\u00f6hten nach dem Anschlusstreffer den Druck auf das K\u00f6rner Tor. In der 75. Minute war es jedoch Tomas Rucinskas, der auf 3:1 erh\u00f6hte. Die letzten 15 Minute aggierte die 1. Mannschaft in Unterzahl, die Geister kamen aber nicht mehr gef\u00e4hrlich vor das Tor. In der 92. Minute setzte Robin Porps, mit dem 4:1, den Schlusspunkt. <\/p>\n\n\n\n<p>Die 2. Mannschaft geriet beim VFL H\u00f6rde mit 10:0 unter die R\u00e4der. Zur Halbzeit lag die Mannschaft vom Trainerduo Gruhn\/Sopar nur 2:0 in R\u00fcckstand, allerdings musste man im zweiten Durchgang 8 weitere Gegentore hinnehmen. In der Tabelle liegt die 2. Mannschaft weiterhin auf dem 15. Tabellenplatz. <\/p>\n\n\n\n<p>Die 3. Mannschaft erreichte gegen den SV Berghofen III ein 3:3 Unentschieden. Zur Halbzeit lag die Mannschaft mit 1:0 in R\u00fcckstand, konnte jedoch durch Tore von Dustin Werner und Rene H\u00fcning mit 2:1 in F\u00fchrung gehen. Die Berghofer drehten die Partie allerdings erneut und f\u00fchrten ab der 87. Minute mit 2:3. In der 93. Minute erzielte Linus Paelke den 3:3 Ausgleichstreffer. In der Tabelle liegt die 3. Mannschaft weiterhin auf dem 6. Tabellenplatz. <\/p>\n\n\n\n<p>Die 4. Mannschaft verlor ihr Heimspiel gegen den BV L\u00fcnen 05 III deutlich mit 6:1. Bereits zur Halbzeit lag die 4. Mannschaft mit 4:0 in R\u00fcckstand. Simon Flo\u00df erzielt den zwischenzeitlichen Anschlusstreffer. Am Ende gingen jedoch die Geister als Sieger vom Platz. <\/p>\n","protected":false},"excerpt":{"rendered":"<p>Die 1. Mannschaft konnte am gestrigen Sonntag einen wichtigen 4:1 Ausw\u00e4rtserfolg bei BV L\u00fcnen 05 II einfahren. In diesem richtungsweisenden Spiel setzte sich das Team von Trainer Viktor Pusch durch [&hellip;]<\/p>\n","protected":false},"author":2,"featured_media":1240,"comment_status":"closed","ping_status":"open","sticky":false,"template":"","format":"standard","meta":{"_jetpack_memberships_contains_paid_content":false,"footnotes":""},"categories":[30,31,32,33,1],"tags":[],"class_list":["post-1246","post","type-post","status-publish","format-standard","has-post-thumbnail","hentry","category-1-mannschaft","category-2-mannschaft","category-3-mannschaft","category-4-mannschaft","category-allgemein"],"jetpack_sharing_enabled":true,"jetpack_featured_media_url":"https:\/\/sv-koerne83.de\/wordpress\/wp-content\/uploads\/2020\/02\/bvl_svk.jpg","_links":{"self":[{"href":"https:\/\/sv-koerne83.de\/wordpress\/wp-json\/wp\/v2\/posts\/1246","targetHints":{"allow":["GET"]}}],"collection":[{"href":"https:\/\/sv-koerne83.de\/wordpress\/wp-json\/wp\/v2\/posts"}],"about":[{"href":"https:\/\/sv-koerne83.de\/wordpress\/wp-json\/wp\/v2\/types\/post"}],"author":[{"embeddable":true,"href":"https:\/\/sv-koerne83.de\/wordpress\/wp-json\/wp\/v2\/users\/2"}],"replies":[{"embeddable":true,"href":"https:\/\/sv-koerne83.de\/wordpress\/wp-json\/wp\/v2\/comments?post=1246"}],"version-history":[{"count":1,"href":"https:\/\/sv-koerne83.de\/wordpress\/wp-json\/wp\/v2\/posts\/1246\/revisions"}],"predecessor-version":[{"id":1247,"href":"https:\/\/sv-koerne83.de\/wordpress\/wp-json\/wp\/v2\/posts\/1246\/revisions\/1247"}],"wp:featuredmedia":[{"embeddable":true,"href":"https:\/\/sv-koerne83.de\/wordpress\/wp-json\/wp\/v2\/media\/1240"}],"wp:attachment":[{"href":"https:\/\/sv-koerne83.de\/wordpress\/wp-json\/wp\/v2\/media?parent=1246"}],"wp:term":[{"taxonomy":"category","embeddable":true,"href":"https:\/\/sv-koerne83.de\/wordpress\/wp-json\/wp\/v2\/categories?post=1246"},{"taxonomy":"post_tag","embeddable":true,"href":"https:\/\/sv-koerne83.de\/wordpress\/wp-json\/wp\/v2\/tags?post=1246"}],"curies":[{"name":"wp","href":"https:\/\/api.w.org\/{rel}","templated":true}]}}