{"id":1249,"date":"2020-02-18T10:32:09","date_gmt":"2020-02-18T09:32:09","guid":{"rendered":"https:\/\/sv-koerne83.de\/wordpress\/?p=1249"},"modified":"2020-02-18T10:32:09","modified_gmt":"2020-02-18T09:32:09","slug":"pokalspiele-heute-und-morgen","status":"publish","type":"post","link":"https:\/\/sv-koerne83.de\/wordpress\/2020\/02\/18\/pokalspiele-heute-und-morgen\/","title":{"rendered":"Pokalspiele &#8211; Heute und Morgen"},"content":{"rendered":"\n<p>Am heutigen Dienstag und auch am morgigen Mittwoch finden auf unserer Sportanlage Pokalspiele im Jugendbereich statt. Durch Siege in der Qualifikationsrunde konnten sich die E-Jugend und die D-Jugend f\u00fcr die Hauptrunde qualifizieren und m\u00f6chten nun den Sprung ins Achtelfinale schaffen. <\/p>\n\n\n\n<p>Die E-Jugend empf\u00e4ngt heute das Team von Viktoria Kirchderne. Die Mannschaft aus Kirchderne konnte ihre Meisterschafts-Qualifikationsgruppe mit 105:1 Toren nach gerade mal 5 Spielen gewinnen. F\u00fcr die Mannschaft von Matth\u00e4us Lupa wird es eine schwierige Aufgabe das Achtelfinale zu erreichen. Allerdings wei\u00df man auch, dass im Pokal andere Gesetze gelten. Das Spiel wird um 17.30 Uhr am Winkelriedweg angepfiffen. <\/p>\n\n\n\n<p>Die D-Jugend trifft am morgigen Mittwoch auf den VfL Kemminghausen. Die Mannschaft aus der M\u00e4rchensiedlung spielt eine Klasse h\u00f6her als das Team von Andree Schmitz und belegt dort den 4. Tabellenplatz. Die D-Jugend ist allerdings Spitzenreiter in ihrer Liga. Ansto\u00df am Winkelriedweg ist um 17.30 Uhr. <\/p>\n","protected":false},"excerpt":{"rendered":"<p>Am heutigen Dienstag und auch am morgigen Mittwoch finden auf unserer Sportanlage Pokalspiele im Jugendbereich statt. Durch Siege in der Qualifikationsrunde konnten sich die E-Jugend und die D-Jugend f\u00fcr die [&hellip;]<\/p>\n","protected":false},"author":2,"featured_media":1208,"comment_status":"closed","ping_status":"open","sticky":false,"template":"","format":"standard","meta":{"_jetpack_memberships_contains_paid_content":false,"footnotes":""},"categories":[1,35],"tags":[],"class_list":["post-1249","post","type-post","status-publish","format-standard","has-post-thumbnail","hentry","category-allgemein","category-jugend"],"jetpack_sharing_enabled":true,"jetpack_featured_media_url":"https:\/\/sv-koerne83.de\/wordpress\/wp-content\/uploads\/2020\/01\/img_1534.jpg","_links":{"self":[{"href":"https:\/\/sv-koerne83.de\/wordpress\/wp-json\/wp\/v2\/posts\/1249","targetHints":{"allow":["GET"]}}],"collection":[{"href":"https:\/\/sv-koerne83.de\/wordpress\/wp-json\/wp\/v2\/posts"}],"about":[{"href":"https:\/\/sv-koerne83.de\/wordpress\/wp-json\/wp\/v2\/types\/post"}],"author":[{"embeddable":true,"href":"https:\/\/sv-koerne83.de\/wordpress\/wp-json\/wp\/v2\/users\/2"}],"replies":[{"embeddable":true,"href":"https:\/\/sv-koerne83.de\/wordpress\/wp-json\/wp\/v2\/comments?post=1249"}],"version-history":[{"count":1,"href":"https:\/\/sv-koerne83.de\/wordpress\/wp-json\/wp\/v2\/posts\/1249\/revisions"}],"predecessor-version":[{"id":1250,"href":"https:\/\/sv-koerne83.de\/wordpress\/wp-json\/wp\/v2\/posts\/1249\/revisions\/1250"}],"wp:featuredmedia":[{"embeddable":true,"href":"https:\/\/sv-koerne83.de\/wordpress\/wp-json\/wp\/v2\/media\/1208"}],"wp:attachment":[{"href":"https:\/\/sv-koerne83.de\/wordpress\/wp-json\/wp\/v2\/media?parent=1249"}],"wp:term":[{"taxonomy":"category","embeddable":true,"href":"https:\/\/sv-koerne83.de\/wordpress\/wp-json\/wp\/v2\/categories?post=1249"},{"taxonomy":"post_tag","embeddable":true,"href":"https:\/\/sv-koerne83.de\/wordpress\/wp-json\/wp\/v2\/tags?post=1249"}],"curies":[{"name":"wp","href":"https:\/\/api.w.org\/{rel}","templated":true}]}}