{"id":1251,"date":"2020-02-21T09:21:26","date_gmt":"2020-02-21T08:21:26","guid":{"rendered":"https:\/\/sv-koerne83.de\/wordpress\/?p=1251"},"modified":"2020-02-21T09:21:26","modified_gmt":"2020-02-21T08:21:26","slug":"fussball-am-karnevalswochenende","status":"publish","type":"post","link":"https:\/\/sv-koerne83.de\/wordpress\/2020\/02\/21\/fussball-am-karnevalswochenende\/","title":{"rendered":"Fu\u00dfball am Karnevalswochenende"},"content":{"rendered":"\n<p>An diesem Wochenende finden neben vielen Karnevalsveranstaltungen auch Spiele im Juniorenbereich statt. Die 1. Mannschaft bestreitet au\u00dferdem ihr Nachholspiel bei Eving Selimiye Spor II. <\/p>\n\n\n\n<p>Den Anfang am Samstagmorgen macht die E1-Jugend. Diese reist zum SF Brackel 61 und trifft um 10.00 Uhr auf die E3. Gespielt wird auf der Sportanlage am Brauksweg. Um 11.00 Uhr bestreiten dann die F2-Jugend und die G-Jugend ihre Heimspiele. Die F2-Jugend empf\u00e4ngt den ASC 09 Dortmund III und die G-Jugend spielt gegen SV Urania L\u00fctgendortmund. Um 11.15 Uhr kommt es auf der Sportanlage &#8222;Am Zippen&#8220; zum Derby zwischen der E2-Jugend und der E4 vom DJK TuS K\u00f6rne. Um 12.00 Uhr tritt die F3-Jugend bei Viktoria Kirchderne (Derner Stra\u00dfe) an. Die F1-Jugend tritt an diesem Samstag die weiteste Reise an und spielt um 12.15 Uhr bei Rot-Wei\u00df Germania (Im Odemsloh). <\/p>\n\n\n\n<p>Die C-Jugend bestreitet ihr Heimspiel gegen SF Brackel 61 um 12.30 Uhr. Zum Abschluss bestreiten die Altherren ein Freundschaftsspiel gegen die SG S\u00f6lderholz\/ASC. Ansto\u00df am Winkelriedweg ist um 15.00 Uhr. <\/p>\n\n\n\n<p>Am Sonntagmorgen empf\u00e4ngt um 11.00 Uhr die B-Jugend die SG Gahmen. Die A-Jugend spielt zur selben Zeit beim SV Berghofen (Berghofer Stra\u00dfe).<\/p>\n\n\n\n<p>Unsere 1. Mannschaft bestreitet am Sonntag ihr Nachholspiel gegen Eving Selimiye Spor II. Ansto\u00df an der Gr\u00e4vingholzstra\u00dfe ist um 13.00 Uhr. <\/p>\n\n\n\n<p>Die C-Jugend empf\u00e4ngt um 13.00 Uhr auf heimischen Platz den Holzwickeder SC zum Freundschaftsspiel. <\/p>\n\n\n\n<p>Allen Mannschaften viel Erfolg!<\/p>\n","protected":false},"excerpt":{"rendered":"<p>An diesem Wochenende finden neben vielen Karnevalsveranstaltungen auch Spiele im Juniorenbereich statt. Die 1. Mannschaft bestreitet au\u00dferdem ihr Nachholspiel bei Eving Selimiye Spor II. Den Anfang am Samstagmorgen macht die [&hellip;]<\/p>\n","protected":false},"author":2,"featured_media":1252,"comment_status":"closed","ping_status":"open","sticky":false,"template":"","format":"standard","meta":{"_jetpack_memberships_contains_paid_content":false,"footnotes":""},"categories":[30,1,34,35],"tags":[],"class_list":["post-1251","post","type-post","status-publish","format-standard","has-post-thumbnail","hentry","category-1-mannschaft","category-allgemein","category-alte-herren","category-jugend"],"jetpack_sharing_enabled":true,"jetpack_featured_media_url":"https:\/\/sv-koerne83.de\/wordpress\/wp-content\/uploads\/2020\/02\/carnival-3076952_1920.jpg","_links":{"self":[{"href":"https:\/\/sv-koerne83.de\/wordpress\/wp-json\/wp\/v2\/posts\/1251","targetHints":{"allow":["GET"]}}],"collection":[{"href":"https:\/\/sv-koerne83.de\/wordpress\/wp-json\/wp\/v2\/posts"}],"about":[{"href":"https:\/\/sv-koerne83.de\/wordpress\/wp-json\/wp\/v2\/types\/post"}],"author":[{"embeddable":true,"href":"https:\/\/sv-koerne83.de\/wordpress\/wp-json\/wp\/v2\/users\/2"}],"replies":[{"embeddable":true,"href":"https:\/\/sv-koerne83.de\/wordpress\/wp-json\/wp\/v2\/comments?post=1251"}],"version-history":[{"count":1,"href":"https:\/\/sv-koerne83.de\/wordpress\/wp-json\/wp\/v2\/posts\/1251\/revisions"}],"predecessor-version":[{"id":1253,"href":"https:\/\/sv-koerne83.de\/wordpress\/wp-json\/wp\/v2\/posts\/1251\/revisions\/1253"}],"wp:featuredmedia":[{"embeddable":true,"href":"https:\/\/sv-koerne83.de\/wordpress\/wp-json\/wp\/v2\/media\/1252"}],"wp:attachment":[{"href":"https:\/\/sv-koerne83.de\/wordpress\/wp-json\/wp\/v2\/media?parent=1251"}],"wp:term":[{"taxonomy":"category","embeddable":true,"href":"https:\/\/sv-koerne83.de\/wordpress\/wp-json\/wp\/v2\/categories?post=1251"},{"taxonomy":"post_tag","embeddable":true,"href":"https:\/\/sv-koerne83.de\/wordpress\/wp-json\/wp\/v2\/tags?post=1251"}],"curies":[{"name":"wp","href":"https:\/\/api.w.org\/{rel}","templated":true}]}}