{"id":1258,"date":"2020-02-28T11:42:26","date_gmt":"2020-02-28T10:42:26","guid":{"rendered":"https:\/\/sv-koerne83.de\/wordpress\/?p=1258"},"modified":"2020-02-28T11:42:26","modified_gmt":"2020-02-28T10:42:26","slug":"jugendspieltag-am-wochenende-3","status":"publish","type":"post","link":"https:\/\/sv-koerne83.de\/wordpress\/2020\/02\/28\/jugendspieltag-am-wochenende-3\/","title":{"rendered":"Jugendspieltag am Wochenende"},"content":{"rendered":"\n<p>Unsere Jugendspieler gehen am Wochenende wieder auf Punktejagd. Gespielt wird auf heimischen Platz, aber auch die Ausw\u00e4rtspl\u00e4tze werden unsicher gemacht. <\/p>\n\n\n\n<p>Die G-Jugend reist zum VfR S\u00f6lde II. Ansto\u00df an der Jasminstra\u00dfe ist um 10.00 Uhr. Die F3-Jugend empf\u00e4ngt um 10.00 Uhr den SV Berghofen. Die F2-Jugend spielt ihr Derby gegen den DJK TuS K\u00f6rne III bereits um 9.00 Uhr. Gespielt wird auf dem Sportplatz &#8222;Am Zippen&#8220;. Die F1-Jugend trifft auf den VfB Westhofen. Ansto\u00df am Winkelriedweg ist um 10.00 Uhr. <\/p>\n\n\n\n<p>Die E2-Jugend reist ebenfalls nach S\u00f6lde und trifft um 10.00 Uhr auf den VfR S\u00f6lde IV. Die E1-Jugend spielt um 11.15 Uhr auf heimischen Platz gegen den ASC 09 Dortmund III. <\/p>\n\n\n\n<p>Die D-Jugend muss im Goystadion gegen den VfL H\u00f6rde antreten. Ansto\u00df ist um 10.30 Uhr. Die C-Jugend muss ebenfalls nach H\u00f6rde. Allerdings trifft die Mannschaft von Tobias Schigowski auf den H\u00f6rder SC II. Die Partie wird um 13.30 Uhr an der H\u00fcttenhospitalstra\u00dfe angepfiffen. <\/p>\n\n\n\n<p>Am Sonntag reist die B-Jugend nach Westerfilde und spielt um 11.00 Uhr, auf der Sportanlage im Odemsloh, gegen die JSG RW Germania\/Hellweg L\u00fctgendortmund. Die A-Jugend empf\u00e4ngt im Heimspiel um 11.00 Uhr den VfL Schwerte. <\/p>\n","protected":false},"excerpt":{"rendered":"<p>Unsere Jugendspieler gehen am Wochenende wieder auf Punktejagd. Gespielt wird auf heimischen Platz, aber auch die Ausw\u00e4rtspl\u00e4tze werden unsicher gemacht. Die G-Jugend reist zum VfR S\u00f6lde II. Ansto\u00df an der [&hellip;]<\/p>\n","protected":false},"author":2,"featured_media":621,"comment_status":"closed","ping_status":"open","sticky":false,"template":"","format":"standard","meta":{"_jetpack_memberships_contains_paid_content":false,"footnotes":""},"categories":[1,35],"tags":[],"class_list":["post-1258","post","type-post","status-publish","format-standard","has-post-thumbnail","hentry","category-allgemein","category-jugend"],"jetpack_sharing_enabled":true,"jetpack_featured_media_url":"https:\/\/sv-koerne83.de\/wordpress\/wp-content\/uploads\/2019\/08\/202CE943-3C8F-4050-A873-A373FC735758.jpeg","_links":{"self":[{"href":"https:\/\/sv-koerne83.de\/wordpress\/wp-json\/wp\/v2\/posts\/1258","targetHints":{"allow":["GET"]}}],"collection":[{"href":"https:\/\/sv-koerne83.de\/wordpress\/wp-json\/wp\/v2\/posts"}],"about":[{"href":"https:\/\/sv-koerne83.de\/wordpress\/wp-json\/wp\/v2\/types\/post"}],"author":[{"embeddable":true,"href":"https:\/\/sv-koerne83.de\/wordpress\/wp-json\/wp\/v2\/users\/2"}],"replies":[{"embeddable":true,"href":"https:\/\/sv-koerne83.de\/wordpress\/wp-json\/wp\/v2\/comments?post=1258"}],"version-history":[{"count":1,"href":"https:\/\/sv-koerne83.de\/wordpress\/wp-json\/wp\/v2\/posts\/1258\/revisions"}],"predecessor-version":[{"id":1259,"href":"https:\/\/sv-koerne83.de\/wordpress\/wp-json\/wp\/v2\/posts\/1258\/revisions\/1259"}],"wp:featuredmedia":[{"embeddable":true,"href":"https:\/\/sv-koerne83.de\/wordpress\/wp-json\/wp\/v2\/media\/621"}],"wp:attachment":[{"href":"https:\/\/sv-koerne83.de\/wordpress\/wp-json\/wp\/v2\/media?parent=1258"}],"wp:term":[{"taxonomy":"category","embeddable":true,"href":"https:\/\/sv-koerne83.de\/wordpress\/wp-json\/wp\/v2\/categories?post=1258"},{"taxonomy":"post_tag","embeddable":true,"href":"https:\/\/sv-koerne83.de\/wordpress\/wp-json\/wp\/v2\/tags?post=1258"}],"curies":[{"name":"wp","href":"https:\/\/api.w.org\/{rel}","templated":true}]}}