{"id":1260,"date":"2020-02-29T13:23:58","date_gmt":"2020-02-29T12:23:58","guid":{"rendered":"https:\/\/sv-koerne83.de\/wordpress\/?p=1260"},"modified":"2020-02-29T13:23:59","modified_gmt":"2020-02-29T12:23:59","slug":"1-mannschaft-empfaengt-husen-kurl","status":"publish","type":"post","link":"https:\/\/sv-koerne83.de\/wordpress\/2020\/02\/29\/1-mannschaft-empfaengt-husen-kurl\/","title":{"rendered":"1. Mannschaft empf\u00e4ngt Husen-Kurl"},"content":{"rendered":"\n<p>Am morgigen Sonntag empf\u00e4ngt die 1. Mannschaft den SC Husen-Kurl II. Das Team von Trainer Viktor Pusch kann mit einem Sieg den Abstand auf die Verfolger halten. Ansto\u00df am Winkelriedweg ist um 15.00 Uhr.&nbsp;<\/p>\n\n\n\n<p>Die 2. Mannschaft trifft im Heimspiel auf den BSV Fortuna. Das Hinspiel verlor das Team von Trainer Mario Sopar knapp mit 2:1. Nun hofft man auf einen Heimsieg, um den R\u00fcckstand auf die Nichtabstiegspl\u00e4tze zu verringern. Ansto\u00df am Winkelriedweg ist um 13.00 Uhr.<\/p>\n\n\n\n<p>Die 3. Mannschaft reist nach Neuasseln und trifft dort auf den TuS Neuasseln II. Der Aufstiegsaspirant von der Holzwickederstra\u00dfe gewann das Hinspiel mit 6:0. Ansto\u00df ist um 13.00 Uhr.&nbsp;<\/p>\n\n\n\n<p>Die 4. Mannschaft reist zum SC Husen-Kurl III. Mit einem Sieg kann das Team an den Husenern vorbeiziehen. Ansto\u00df an der Husener Eichwaldstra\u00dfe ist um 15.15 Uhr.&nbsp;<\/p>\n","protected":false},"excerpt":{"rendered":"<p>Am morgigen Sonntag empf\u00e4ngt die 1. Mannschaft den SC Husen-Kurl II. Das Team von Trainer Viktor Pusch kann mit einem Sieg den Abstand auf die Verfolger halten. Ansto\u00df am Winkelriedweg [&hellip;]<\/p>\n","protected":false},"author":2,"featured_media":763,"comment_status":"closed","ping_status":"open","sticky":false,"template":"","format":"standard","meta":{"_jetpack_memberships_contains_paid_content":false,"footnotes":""},"categories":[30,31,32,33,1],"tags":[],"class_list":["post-1260","post","type-post","status-publish","format-standard","has-post-thumbnail","hentry","category-1-mannschaft","category-2-mannschaft","category-3-mannschaft","category-4-mannschaft","category-allgemein"],"jetpack_sharing_enabled":true,"jetpack_featured_media_url":"https:\/\/sv-koerne83.de\/wordpress\/wp-content\/uploads\/2019\/09\/15E386B2-34DD-4BAD-9D3C-767978C39449.jpeg","_links":{"self":[{"href":"https:\/\/sv-koerne83.de\/wordpress\/wp-json\/wp\/v2\/posts\/1260","targetHints":{"allow":["GET"]}}],"collection":[{"href":"https:\/\/sv-koerne83.de\/wordpress\/wp-json\/wp\/v2\/posts"}],"about":[{"href":"https:\/\/sv-koerne83.de\/wordpress\/wp-json\/wp\/v2\/types\/post"}],"author":[{"embeddable":true,"href":"https:\/\/sv-koerne83.de\/wordpress\/wp-json\/wp\/v2\/users\/2"}],"replies":[{"embeddable":true,"href":"https:\/\/sv-koerne83.de\/wordpress\/wp-json\/wp\/v2\/comments?post=1260"}],"version-history":[{"count":1,"href":"https:\/\/sv-koerne83.de\/wordpress\/wp-json\/wp\/v2\/posts\/1260\/revisions"}],"predecessor-version":[{"id":1261,"href":"https:\/\/sv-koerne83.de\/wordpress\/wp-json\/wp\/v2\/posts\/1260\/revisions\/1261"}],"wp:featuredmedia":[{"embeddable":true,"href":"https:\/\/sv-koerne83.de\/wordpress\/wp-json\/wp\/v2\/media\/763"}],"wp:attachment":[{"href":"https:\/\/sv-koerne83.de\/wordpress\/wp-json\/wp\/v2\/media?parent=1260"}],"wp:term":[{"taxonomy":"category","embeddable":true,"href":"https:\/\/sv-koerne83.de\/wordpress\/wp-json\/wp\/v2\/categories?post=1260"},{"taxonomy":"post_tag","embeddable":true,"href":"https:\/\/sv-koerne83.de\/wordpress\/wp-json\/wp\/v2\/tags?post=1260"}],"curies":[{"name":"wp","href":"https:\/\/api.w.org\/{rel}","templated":true}]}}