{"id":1267,"date":"2020-03-02T13:03:17","date_gmt":"2020-03-02T12:03:17","guid":{"rendered":"https:\/\/sv-koerne83.de\/wordpress\/?p=1267"},"modified":"2020-03-02T13:03:17","modified_gmt":"2020-03-02T12:03:17","slug":"1-mannschaft-siegt-gegen-husen-kurl","status":"publish","type":"post","link":"https:\/\/sv-koerne83.de\/wordpress\/2020\/03\/02\/1-mannschaft-siegt-gegen-husen-kurl\/","title":{"rendered":"1. Mannschaft siegt gegen Husen-Kurl"},"content":{"rendered":"\n<p>Die 1. Mannschaft konnte am gestrigen Sonntag einen 5:1 Heimsieg gegen den SC Husen-Kurl II einfahren. David Bonauer erzielte mit einem sehenswerten Treffer die 1:0 F\u00fchrung. Viktor Pusch traf zum 2:0. Nach dem zwischenzeitlichen Anschlusstreffer der G\u00e4ste stellte Marc Grabemann den alten 2 Tore Vorsprung noch vor der Pause wieder her. Im zweiten Durchgang war es erneut Viktor Pusch, der mit deinem zweiten und dritten Treffer den 5:1 Endstand festigte. <\/p>\n\n\n\n<p>Die 2. Mannschaft verlor gegen den BSV Fortuna ungl\u00fccklich mit 2:3 und verspielte in den Schlussminuten die zwischenzeitliche 2:1 F\u00fchrung. Falco Lieschke konnte beide Treffer f\u00fcr die K\u00f6rner erzielen. Der Gast drehte die Partie in der 87. und 91. Minute, nachdem es die Mannschaft von Trainer Mario Sopar verpasste hatte, mit einem 3:1 den Heimsieg klar zu machen. <\/p>\n\n\n\n<p>Die 3. Mannschaft verlor beim TuS Neuasseln II mit 1:6. Bereits zur Halbzeit lag die Mannschaft mit 4:0 in R\u00fcckstand. In der zweiten Halbzeit musste man dann noch 2 weitere Treffer hinnehmen. Peter Respondek erzielte den Ehrentreffer. <\/p>\n\n\n\n<p>Die 4. Mannschaft gewann ihr Ausw\u00e4rtsspiel beim SC Husen-Kurl III mit 5:2. F\u00fcr die 4. Mannschaft erzielten Sebastian Arnold, Simon Flo\u00df und Dennis Pirro die Tore. <\/p>\n\n\n\n<p>Die A-Jugend gewann ihr Heimspiel gegen den VfL Schwerte souver\u00e4n mit 10:3. Luca Allritz und Giuliano Micelli konnten sich 4-mal in die Torsch\u00fctzenliste eintragen. Zus\u00e4tzlich trafen noch Ruven Dewender und Maximilian Esser. <\/p>\n\n\n\n<p>Die B-Jugend gewann bei der JSG RW Germania \/ Hellweg L\u00fctgendortmund mit 6:0. Joshua Opiela traf 4-mal ins gegnerische Tor. Boris Stoganov Sirakov erzielte 2 Treffer. <\/p>\n","protected":false},"excerpt":{"rendered":"<p>Die 1. Mannschaft konnte am gestrigen Sonntag einen 5:1 Heimsieg gegen den SC Husen-Kurl II einfahren. David Bonauer erzielte mit einem sehenswerten Treffer die 1:0 F\u00fchrung. Viktor Pusch traf zum [&hellip;]<\/p>\n","protected":false},"author":2,"featured_media":647,"comment_status":"closed","ping_status":"open","sticky":false,"template":"","format":"standard","meta":{"_jetpack_memberships_contains_paid_content":false,"footnotes":""},"categories":[30,31,32,33,1],"tags":[],"class_list":["post-1267","post","type-post","status-publish","format-standard","has-post-thumbnail","hentry","category-1-mannschaft","category-2-mannschaft","category-3-mannschaft","category-4-mannschaft","category-allgemein"],"jetpack_sharing_enabled":true,"jetpack_featured_media_url":"https:\/\/sv-koerne83.de\/wordpress\/wp-content\/uploads\/2019\/08\/453759B1-27EF-4771-8F44-D80E274192BF.jpeg","_links":{"self":[{"href":"https:\/\/sv-koerne83.de\/wordpress\/wp-json\/wp\/v2\/posts\/1267","targetHints":{"allow":["GET"]}}],"collection":[{"href":"https:\/\/sv-koerne83.de\/wordpress\/wp-json\/wp\/v2\/posts"}],"about":[{"href":"https:\/\/sv-koerne83.de\/wordpress\/wp-json\/wp\/v2\/types\/post"}],"author":[{"embeddable":true,"href":"https:\/\/sv-koerne83.de\/wordpress\/wp-json\/wp\/v2\/users\/2"}],"replies":[{"embeddable":true,"href":"https:\/\/sv-koerne83.de\/wordpress\/wp-json\/wp\/v2\/comments?post=1267"}],"version-history":[{"count":1,"href":"https:\/\/sv-koerne83.de\/wordpress\/wp-json\/wp\/v2\/posts\/1267\/revisions"}],"predecessor-version":[{"id":1268,"href":"https:\/\/sv-koerne83.de\/wordpress\/wp-json\/wp\/v2\/posts\/1267\/revisions\/1268"}],"wp:featuredmedia":[{"embeddable":true,"href":"https:\/\/sv-koerne83.de\/wordpress\/wp-json\/wp\/v2\/media\/647"}],"wp:attachment":[{"href":"https:\/\/sv-koerne83.de\/wordpress\/wp-json\/wp\/v2\/media?parent=1267"}],"wp:term":[{"taxonomy":"category","embeddable":true,"href":"https:\/\/sv-koerne83.de\/wordpress\/wp-json\/wp\/v2\/categories?post=1267"},{"taxonomy":"post_tag","embeddable":true,"href":"https:\/\/sv-koerne83.de\/wordpress\/wp-json\/wp\/v2\/tags?post=1267"}],"curies":[{"name":"wp","href":"https:\/\/api.w.org\/{rel}","templated":true}]}}