{"id":1269,"date":"2020-03-05T08:38:37","date_gmt":"2020-03-05T07:38:37","guid":{"rendered":"https:\/\/sv-koerne83.de\/wordpress\/?p=1269"},"modified":"2020-03-05T08:38:37","modified_gmt":"2020-03-05T07:38:37","slug":"youth-cup-2020-unsere-sommerturniere","status":"publish","type":"post","link":"https:\/\/sv-koerne83.de\/wordpress\/2020\/03\/05\/youth-cup-2020-unsere-sommerturniere\/","title":{"rendered":"YOUTH CUP 2020 &#8211; Unsere Sommerturniere"},"content":{"rendered":"\n<p>Wir m\u00f6chten euch noch ein letztes Mal an unsere traditionellen Jugendturniere im Sommer erinnern und euch hierzu recht herzlich einladen. Bitte beachtet, dass die Anmeldefrist am 31.03.2020 endet. <\/p>\n\n\n\n<p>Folgende Termine sind f\u00fcr die einzelnen Jahrg\u00e4nge vorgesehen:<br>\nE-Jugend: Sonntag, 21.06.2020 (Kleinfeld 6+1), Jahrg\u00e4nge 09\/10<br>\nD-Jugend: Samstag, 20.06.2020 (Kleinfeld 8+1), Jahrg\u00e4nge 07\/08<br>\nC-Jugend: Sonntag, 07.06.2020 (10+1 Gro\u00dffeld), Jahrg\u00e4nge 05\/06<br>\nB-Jugend: Sonntag, 14.06.2020 (10+1 Gro\u00dffeld), Jahrg\u00e4nge 03\/04<br>\nA-Jugend: Samstag, 13.06.2020 (10+1 Gro\u00dffeld), Jahrg\u00e4nge 01\/02<\/p>\n\n\n\n<p>Um fr\u00fchzeitig eine endg\u00fcltige Turnierplanung vornehmen zu k\u00f6nnen, bitten wir Euch bis zum 31.03.2020 anzumelden.<\/p>\n\n\n\n<p>Die Turnierpl\u00e4ne werden wir Euch bei Zusage rechtzeitig \u00fcber das DFBNet Postfach zusenden. Der zeitliche Eingang der Anmeldungen entscheidet \u00fcber die Teilnahme. Leider kommt es immer wieder zu einem unentschuldigten Fernbleiben von gemeldeten Mannschaften.<br>\nDies ist \u00e4u\u00dferst \u00e4rgerlich f\u00fcr die Turnierleitung sowie f\u00fcr die Mannschaften, die nicht ber\u00fccksichtigt werden konnten. Wir erheben dieses Jahr kein Startgeld, bitten aber darauf zu achten, dass der Anmeldebogen vollst\u00e4ndig ausgef\u00fcllt ist. Nur vollst\u00e4ndige Anmeldungen werden ber\u00fccksichtigt.<\/p>\n\n\n\n<p>Das Anmeldeformular erhaltet ihr, wenn ihr eine Mail an die unten stehende E Mail schickt. Die vollst\u00e4ndige Anmeldung sendet Ihr dann bitte an <a href=\"mailto:daniel.uffelmann@gmx.de\">daniel.uffelmann@gmx.de<\/a><\/p>\n\n\n\n<p>Mit sportlichen Gr\u00fc\u00dfen <br>\nDaniel Uffelmann <br>\nJugendleiter SV K\u00f6rne 83 e.V.<\/p>\n","protected":false},"excerpt":{"rendered":"<p>Wir m\u00f6chten euch noch ein letztes Mal an unsere traditionellen Jugendturniere im Sommer erinnern und euch hierzu recht herzlich einladen. Bitte beachtet, dass die Anmeldefrist am 31.03.2020 endet. Folgende Termine [&hellip;]<\/p>\n","protected":false},"author":2,"featured_media":1149,"comment_status":"closed","ping_status":"open","sticky":false,"template":"","format":"standard","meta":{"_jetpack_memberships_contains_paid_content":false,"footnotes":""},"categories":[1,35],"tags":[],"class_list":["post-1269","post","type-post","status-publish","format-standard","has-post-thumbnail","hentry","category-allgemein","category-jugend"],"jetpack_sharing_enabled":true,"jetpack_featured_media_url":"https:\/\/sv-koerne83.de\/wordpress\/wp-content\/uploads\/2020\/01\/youth-cup-2020.jpg","_links":{"self":[{"href":"https:\/\/sv-koerne83.de\/wordpress\/wp-json\/wp\/v2\/posts\/1269","targetHints":{"allow":["GET"]}}],"collection":[{"href":"https:\/\/sv-koerne83.de\/wordpress\/wp-json\/wp\/v2\/posts"}],"about":[{"href":"https:\/\/sv-koerne83.de\/wordpress\/wp-json\/wp\/v2\/types\/post"}],"author":[{"embeddable":true,"href":"https:\/\/sv-koerne83.de\/wordpress\/wp-json\/wp\/v2\/users\/2"}],"replies":[{"embeddable":true,"href":"https:\/\/sv-koerne83.de\/wordpress\/wp-json\/wp\/v2\/comments?post=1269"}],"version-history":[{"count":1,"href":"https:\/\/sv-koerne83.de\/wordpress\/wp-json\/wp\/v2\/posts\/1269\/revisions"}],"predecessor-version":[{"id":1270,"href":"https:\/\/sv-koerne83.de\/wordpress\/wp-json\/wp\/v2\/posts\/1269\/revisions\/1270"}],"wp:featuredmedia":[{"embeddable":true,"href":"https:\/\/sv-koerne83.de\/wordpress\/wp-json\/wp\/v2\/media\/1149"}],"wp:attachment":[{"href":"https:\/\/sv-koerne83.de\/wordpress\/wp-json\/wp\/v2\/media?parent=1269"}],"wp:term":[{"taxonomy":"category","embeddable":true,"href":"https:\/\/sv-koerne83.de\/wordpress\/wp-json\/wp\/v2\/categories?post=1269"},{"taxonomy":"post_tag","embeddable":true,"href":"https:\/\/sv-koerne83.de\/wordpress\/wp-json\/wp\/v2\/tags?post=1269"}],"curies":[{"name":"wp","href":"https:\/\/api.w.org\/{rel}","templated":true}]}}