{"id":1275,"date":"2020-03-07T11:37:25","date_gmt":"2020-03-07T10:37:25","guid":{"rendered":"https:\/\/sv-koerne83.de\/wordpress\/?p=1275"},"modified":"2020-03-07T11:37:26","modified_gmt":"2020-03-07T10:37:26","slug":"1-mannschaft-trifft-auf-die-tamilstars","status":"publish","type":"post","link":"https:\/\/sv-koerne83.de\/wordpress\/2020\/03\/07\/1-mannschaft-trifft-auf-die-tamilstars\/","title":{"rendered":"1. Mannschaft trifft auf die Tamilstars"},"content":{"rendered":"\n<p>Am Sonntag reist die 1. Mannschaft nach Marten und trifft dort auf die Tamilstars Dortmund. Im Hinspiel setzte sich die Mannschaft von Trainer Viktor Pusch, nach anf\u00e4nglichen Schwierigkeiten, mit 4:2 durch. Die Tamilen sind jedoch nicht zu untersch\u00e4tzen. Diese besiegten n\u00e4mlich am 2. Spieltag den VfR S\u00f6lde II mit 3:0. Ansto\u00df am Wischlinger Weg ist um 15.00 Uhr. <\/p>\n\n\n\n<p>Die 2. Mannschaft spielt gegen RW Barop II. F\u00fcr die Mannschaft von Trainer Mario Sopar hei\u00dft es &#8222;Punkte sammeln&#8220;, um den letzten Tabellenplatz zu verlassen. Die Baroper haben lediglich 5 Punkte mehr auf ihrem Konto. Mit einem Sieg kann die 2. Mannschaft ihre Aufholjagd starten. Ansto\u00df an der Stockumer Stra\u00dfe ist um 13.00 Uhr.<\/p>\n\n\n\n<p>Die 3. Mannschaft empf\u00e4ngt im Heimspiel RW Barop IV. Nachdem man in der letzten Woche gegen den Tabellenf\u00fchrer aus Neuasseln antreten musste, kommt nun der Tabellenzweite in den Affenk\u00e4fig. Aus den letzten f\u00fcnf Spielen verloren die Baroper gerade mal eins. F\u00fcr die 3. Mannschaft ist es erneut eine schwierige Aufgabe. Ansto\u00df am Winkelriedweg ist um 15.00 Uhr. <\/p>\n\n\n\n<p>Die 4. Mannschaft spielt gegen den VFB L\u00fcnen III. Laut dem Bericht auf fussball.de ist dieses Spiel eine &#8222;Pflichtaufgabe f\u00fcr den SV K\u00f6rne 83&#8220;. Die Tabelle zeigt auch nichts anderes. Die S\u00fcder belegen aktuell den 12. Tabellenplatz und konnten keins der letzten f\u00fcnf Spiele gewinnen. Ansto\u00df am Winkelriedweg ist um 13.00 Uhr. <\/p>\n\n\n\n<p>Die B-Jugend empf\u00e4ngt den SC Husen-Kurl II. Mit einem Sieg kann die Mannschaft die Tabellenf\u00fchrung verteidigen. Ansto\u00df am Winkelriedweg ist um 11.00 Uhr. <\/p>\n","protected":false},"excerpt":{"rendered":"<p>Am Sonntag reist die 1. Mannschaft nach Marten und trifft dort auf die Tamilstars Dortmund. Im Hinspiel setzte sich die Mannschaft von Trainer Viktor Pusch, nach anf\u00e4nglichen Schwierigkeiten, mit 4:2 [&hellip;]<\/p>\n","protected":false},"author":2,"featured_media":636,"comment_status":"closed","ping_status":"open","sticky":false,"template":"","format":"standard","meta":{"_jetpack_memberships_contains_paid_content":false,"footnotes":""},"categories":[30,31,32,33,1,35],"tags":[],"class_list":["post-1275","post","type-post","status-publish","format-standard","has-post-thumbnail","hentry","category-1-mannschaft","category-2-mannschaft","category-3-mannschaft","category-4-mannschaft","category-allgemein","category-jugend"],"jetpack_sharing_enabled":true,"jetpack_featured_media_url":"https:\/\/sv-koerne83.de\/wordpress\/wp-content\/uploads\/2019\/08\/77E993B1-5477-4ACA-911C-6CE379BDCA33.jpeg","_links":{"self":[{"href":"https:\/\/sv-koerne83.de\/wordpress\/wp-json\/wp\/v2\/posts\/1275","targetHints":{"allow":["GET"]}}],"collection":[{"href":"https:\/\/sv-koerne83.de\/wordpress\/wp-json\/wp\/v2\/posts"}],"about":[{"href":"https:\/\/sv-koerne83.de\/wordpress\/wp-json\/wp\/v2\/types\/post"}],"author":[{"embeddable":true,"href":"https:\/\/sv-koerne83.de\/wordpress\/wp-json\/wp\/v2\/users\/2"}],"replies":[{"embeddable":true,"href":"https:\/\/sv-koerne83.de\/wordpress\/wp-json\/wp\/v2\/comments?post=1275"}],"version-history":[{"count":1,"href":"https:\/\/sv-koerne83.de\/wordpress\/wp-json\/wp\/v2\/posts\/1275\/revisions"}],"predecessor-version":[{"id":1276,"href":"https:\/\/sv-koerne83.de\/wordpress\/wp-json\/wp\/v2\/posts\/1275\/revisions\/1276"}],"wp:featuredmedia":[{"embeddable":true,"href":"https:\/\/sv-koerne83.de\/wordpress\/wp-json\/wp\/v2\/media\/636"}],"wp:attachment":[{"href":"https:\/\/sv-koerne83.de\/wordpress\/wp-json\/wp\/v2\/media?parent=1275"}],"wp:term":[{"taxonomy":"category","embeddable":true,"href":"https:\/\/sv-koerne83.de\/wordpress\/wp-json\/wp\/v2\/categories?post=1275"},{"taxonomy":"post_tag","embeddable":true,"href":"https:\/\/sv-koerne83.de\/wordpress\/wp-json\/wp\/v2\/tags?post=1275"}],"curies":[{"name":"wp","href":"https:\/\/api.w.org\/{rel}","templated":true}]}}