{"id":1282,"date":"2020-03-08T10:14:57","date_gmt":"2020-03-08T09:14:57","guid":{"rendered":"https:\/\/sv-koerne83.de\/wordpress\/?p=1282"},"modified":"2020-03-08T10:14:57","modified_gmt":"2020-03-08T09:14:57","slug":"d-jugend-mit-weiterem-sieg","status":"publish","type":"post","link":"https:\/\/sv-koerne83.de\/wordpress\/2020\/03\/08\/d-jugend-mit-weiterem-sieg\/","title":{"rendered":"D-Jugend mit weiterem Sieg"},"content":{"rendered":"\n<p>Die D-Jugend konnte gestern einen 8:0 Ausw\u00e4rtserfolg beim VfR S\u00f6lde II einfahren. Mit diesem Sieg bleibt die Mannschaft weiterhin auf dem ersten Tabellenplatz.<\/p>\n\n\n\n<p>Die E1-Jugend gewann ihr Spiel gegen den H\u00f6rder SC III mit 15:0. Mit diesem Kantersieg festig das Team den 4. Tabellenplatz.&nbsp;<\/p>\n\n\n\n<p>Die E2-Jugend gewann gegen den SV Westrich mit 5:1. Auch die E2-Jugend belegt den 4. Platz in der Tabelle.&nbsp;<\/p>\n\n\n\n<p>F\u00fcr die C-Jugend galt es im Heimspiel gegen den VfL Schwerte eine 8:1 Niederlage hinzunehmen. Die 1:0 F\u00fchrung der K\u00f6rner glichen die Schwerter rasch aus. Leider konnte die C-Jugend keine weiteren Treffer an diesem Tag erzielen.&nbsp;<\/p>\n\n\n\n<p>Die Altherren verloren ihr Freundschaftsspiel gegen die SG L\u00fctgendortmund mit 2:0.&nbsp;<\/p>\n","protected":false},"excerpt":{"rendered":"<p>Die D-Jugend konnte gestern einen 8:0 Ausw\u00e4rtserfolg beim VfR S\u00f6lde II einfahren. Mit diesem Sieg bleibt die Mannschaft weiterhin auf dem ersten Tabellenplatz. Die E1-Jugend gewann ihr Spiel gegen den [&hellip;]<\/p>\n","protected":false},"author":2,"featured_media":1281,"comment_status":"closed","ping_status":"open","sticky":false,"template":"","format":"standard","meta":{"_jetpack_memberships_contains_paid_content":false,"footnotes":""},"categories":[1,35],"tags":[],"class_list":["post-1282","post","type-post","status-publish","format-standard","has-post-thumbnail","hentry","category-allgemein","category-jugend"],"jetpack_sharing_enabled":true,"jetpack_featured_media_url":"https:\/\/sv-koerne83.de\/wordpress\/wp-content\/uploads\/2020\/03\/img_1765.jpg","_links":{"self":[{"href":"https:\/\/sv-koerne83.de\/wordpress\/wp-json\/wp\/v2\/posts\/1282","targetHints":{"allow":["GET"]}}],"collection":[{"href":"https:\/\/sv-koerne83.de\/wordpress\/wp-json\/wp\/v2\/posts"}],"about":[{"href":"https:\/\/sv-koerne83.de\/wordpress\/wp-json\/wp\/v2\/types\/post"}],"author":[{"embeddable":true,"href":"https:\/\/sv-koerne83.de\/wordpress\/wp-json\/wp\/v2\/users\/2"}],"replies":[{"embeddable":true,"href":"https:\/\/sv-koerne83.de\/wordpress\/wp-json\/wp\/v2\/comments?post=1282"}],"version-history":[{"count":1,"href":"https:\/\/sv-koerne83.de\/wordpress\/wp-json\/wp\/v2\/posts\/1282\/revisions"}],"predecessor-version":[{"id":1283,"href":"https:\/\/sv-koerne83.de\/wordpress\/wp-json\/wp\/v2\/posts\/1282\/revisions\/1283"}],"wp:featuredmedia":[{"embeddable":true,"href":"https:\/\/sv-koerne83.de\/wordpress\/wp-json\/wp\/v2\/media\/1281"}],"wp:attachment":[{"href":"https:\/\/sv-koerne83.de\/wordpress\/wp-json\/wp\/v2\/media?parent=1282"}],"wp:term":[{"taxonomy":"category","embeddable":true,"href":"https:\/\/sv-koerne83.de\/wordpress\/wp-json\/wp\/v2\/categories?post=1282"},{"taxonomy":"post_tag","embeddable":true,"href":"https:\/\/sv-koerne83.de\/wordpress\/wp-json\/wp\/v2\/tags?post=1282"}],"curies":[{"name":"wp","href":"https:\/\/api.w.org\/{rel}","templated":true}]}}