{"id":1284,"date":"2020-03-09T14:27:03","date_gmt":"2020-03-09T13:27:03","guid":{"rendered":"https:\/\/sv-koerne83.de\/wordpress\/?p=1284"},"modified":"2020-03-09T14:27:03","modified_gmt":"2020-03-09T13:27:03","slug":"1-mannschaft-gewinnt-zweistellig","status":"publish","type":"post","link":"https:\/\/sv-koerne83.de\/wordpress\/2020\/03\/09\/1-mannschaft-gewinnt-zweistellig\/","title":{"rendered":"1. Mannschaft gewinnt zweistellig"},"content":{"rendered":"\n<p>Die 1. Mannschaft konnte am gestrigen Sonntag einen 10:0 Ausw\u00e4rtserfolg bei den Tamilstars Dortmund einfahren. Die Mannschaft von Trainer Viktor Pusch war von Beginn an spielbestimmend. Lediglich der Torabschluss bereitete in der ersten Halbzeit Probleme. Nach dem Seitenwechsel lief es dann jedoch besser vor dem gegnerischen Tor. Die Tore f\u00fcr den SVK erzielten Marc Grabemann (2x), Tomas Rucinskas (2x), Tim Exner (2x), Viktor Pusch, Hajdar Musaku, Deniz Serdar und Vithujan Punitharajah (ET). <\/p>\n\n\n\n<p>Die 2. Mannschaft spielte gegen RW Barop II 3:3 unentschieden. Nach einer schw\u00e4cheren 1. Halbzeit lag die Mannschaft von Trainer Mario Sopar zur Pause mit 2:1 hinten. Im zweiten Durchgang trat die Mannschaft jedoch mit einem anderen Gesicht auf und konnte durch zwei Tore von Jakob Schneider und einem Tor von Nico Starke mit 3:2 in F\u00fchrung gehen. Die Gastgeber aus Barop erzielten allerdings noch den 3:3 Ausgleichstreffer. <\/p>\n\n\n\n<p>Die 3. Mannschaft verlor ihr Heimspiel gegen RW Barop IV mit 1:0. Der einzige Treffer in diesem Spiel fiel bereits in der 10. Minute. In den restlichen 80 Minuten konnte kein Treffer mehr erzielt werden. <\/p>\n\n\n\n<p>Die 4. Mannschaft gewann ihr Heimspiel gegen den VfB L\u00fcnen III mit 11:1. Simon Flo\u00df und Dennis Pirro trafen jeweils 3 mal. Gerrit Weber konnte sich zweimal in die Torsch\u00fctzenliste eintragen. Valentin Bedarf, Lukas Schmidt und Sebastian Arnold trafen jeweils einmal. <\/p>\n\n\n\n<p>Die B-Jugend verlor ihr Heimspiel gegen den SC Husen-Kurl II mit 5:0.<\/p>\n","protected":false},"excerpt":{"rendered":"<p>Die 1. Mannschaft konnte am gestrigen Sonntag einen 10:0 Ausw\u00e4rtserfolg bei den Tamilstars Dortmund einfahren. Die Mannschaft von Trainer Viktor Pusch war von Beginn an spielbestimmend. Lediglich der Torabschluss bereitete [&hellip;]<\/p>\n","protected":false},"author":2,"featured_media":571,"comment_status":"closed","ping_status":"open","sticky":false,"template":"","format":"standard","meta":{"_jetpack_memberships_contains_paid_content":false,"footnotes":""},"categories":[30,31,32,33,1],"tags":[],"class_list":["post-1284","post","type-post","status-publish","format-standard","has-post-thumbnail","hentry","category-1-mannschaft","category-2-mannschaft","category-3-mannschaft","category-4-mannschaft","category-allgemein"],"jetpack_sharing_enabled":true,"jetpack_featured_media_url":"https:\/\/sv-koerne83.de\/wordpress\/wp-content\/uploads\/2019\/07\/football-3493024_1920.jpg","_links":{"self":[{"href":"https:\/\/sv-koerne83.de\/wordpress\/wp-json\/wp\/v2\/posts\/1284","targetHints":{"allow":["GET"]}}],"collection":[{"href":"https:\/\/sv-koerne83.de\/wordpress\/wp-json\/wp\/v2\/posts"}],"about":[{"href":"https:\/\/sv-koerne83.de\/wordpress\/wp-json\/wp\/v2\/types\/post"}],"author":[{"embeddable":true,"href":"https:\/\/sv-koerne83.de\/wordpress\/wp-json\/wp\/v2\/users\/2"}],"replies":[{"embeddable":true,"href":"https:\/\/sv-koerne83.de\/wordpress\/wp-json\/wp\/v2\/comments?post=1284"}],"version-history":[{"count":1,"href":"https:\/\/sv-koerne83.de\/wordpress\/wp-json\/wp\/v2\/posts\/1284\/revisions"}],"predecessor-version":[{"id":1285,"href":"https:\/\/sv-koerne83.de\/wordpress\/wp-json\/wp\/v2\/posts\/1284\/revisions\/1285"}],"wp:featuredmedia":[{"embeddable":true,"href":"https:\/\/sv-koerne83.de\/wordpress\/wp-json\/wp\/v2\/media\/571"}],"wp:attachment":[{"href":"https:\/\/sv-koerne83.de\/wordpress\/wp-json\/wp\/v2\/media?parent=1284"}],"wp:term":[{"taxonomy":"category","embeddable":true,"href":"https:\/\/sv-koerne83.de\/wordpress\/wp-json\/wp\/v2\/categories?post=1284"},{"taxonomy":"post_tag","embeddable":true,"href":"https:\/\/sv-koerne83.de\/wordpress\/wp-json\/wp\/v2\/tags?post=1284"}],"curies":[{"name":"wp","href":"https:\/\/api.w.org\/{rel}","templated":true}]}}