{"id":1287,"date":"2020-03-12T15:43:34","date_gmt":"2020-03-12T14:43:34","guid":{"rendered":"https:\/\/sv-koerne83.de\/wordpress\/?p=1287"},"modified":"2020-03-12T15:43:34","modified_gmt":"2020-03-12T14:43:34","slug":"geisterspiele-in-der-kreisliga","status":"publish","type":"post","link":"https:\/\/sv-koerne83.de\/wordpress\/2020\/03\/12\/geisterspiele-in-der-kreisliga\/","title":{"rendered":"Geisterspiele in der Kreisliga"},"content":{"rendered":"\n<p>Liebe Spieler, Fans, Freunde und G\u00e4ste vom SV K\u00f6rne 83 aufgrund der aktuellen rasanten Verbreitung des Corona-Virus hat der Verband beschlossen, dass auch in den Amateurligen &#8222;Geisterspiele&#8220; stattfinden. Daher bitten wir eindringlich, dass am Samstag und Sonntag lediglich die aktiven Spieler, Trainer und Betreuer vor Ort sind. Wir bitten euch um Verst\u00e4ndnis und um die Umsetzung dieser Vorgaben. <\/p>\n\n\n\n<p><strong>Hier das offizielle Schreiben:<\/strong><br>Liebe Sportfreunde,<br>um die Ausbreitung des Corona-Virus in Dortmund so gering wie m\u00f6glich zu halten, k\u00f6nnen Sportveranstaltungen ab sofort nur noch unter Auflagen stattfinden. F\u00fcr den Fu\u00dfball im Kreis Dortmund wirkt sich das vorerst wie folgt aus:<\/p>\n\n\n\n<ol class=\"wp-block-list\"><li>Der Trainingsbetrieb kann weiterhin regul\u00e4r stattfinden.<\/li><li>Alle Test- und Freundschaftsspiele werden grunds\u00e4tzlich abgesagt.<\/li><li>Alle Veranstaltungen, die \u00fcber den Trainings- und Pflichtspielbetrieb hinausgehen, werden ebenfalls abgesagt.<\/li><li>Meisterschafts- und Pokalspiele werden ohne Zuschauer ausgetragen:<br> Dies bedeutet, dass nur die f\u00fcr die ordnungsgem\u00e4\u00dfe Durchf\u00fchrung des Wettkampfes notwendigen Personen (Sportler, Trainer, Betreuer und Schiedsrichter, etc.) die Sportanlagen f\u00fcr den Zeitraum des Wettkampfes betreten d\u00fcrfen. Eltern, die ihre Kinder zu Wettk\u00e4mpfen bringen, sie betreuen und sich somit ebenso um einen geregelten Wettkampfbetrieb k\u00fcmmern, gelten selbstverst\u00e4ndlich nicht als Zuschauer. Alle \u00fcbrigen Personen, die nicht unmittelbar mit dem Gelingen des Wettkampfbetriebes zu tun haben, d\u00fcrfen den Wettk\u00e4mpfen ab sofort nicht beiwohnen.<br><br>Diese Auflagen gelten bis auf Widerruf und zun\u00e4chst bis zum 31.03.2020. Wir bitten um Verst\u00e4ndnis, dass es wegen aktueller Entwicklungen t\u00e4glich zu \u00c4nderungen kommen kann.<br><br>Weiterhin verweisen wir auf die Hygieneregeln des RKI und aktuelle Hinweise des FLVW (z. B. kein Handshake zur Begr\u00fc\u00dfung):<br><a href=\"https:\/\/www.rki.de\/\u2026\/\u2026\/N\/Neuartiges_Coronavirus\/Hygiene.html\">https:\/\/www.rki.de\/\u2026\/\u2026\/N\/Neuartiges_Coronavirus\/Hygiene.html<\/a><br><a href=\"https:\/\/www.flvw.de\/\u2026\/coronavirus-aktuelle-informationen-z\u2026\/\">https:\/\/www.flvw.de\/\u2026\/coronavirus-aktuelle-informationen-z\u2026\/<\/a><br> [&#8230;]<br> Mit sportlichen Gr\u00fc\u00dfen<br> Pascal Sellung<br> VKFA Dortmund<\/li><\/ol>\n","protected":false},"excerpt":{"rendered":"<p>Liebe Spieler, Fans, Freunde und G\u00e4ste vom SV K\u00f6rne 83 aufgrund der aktuellen rasanten Verbreitung des Corona-Virus hat der Verband beschlossen, dass auch in den Amateurligen &#8222;Geisterspiele&#8220; stattfinden. Daher bitten [&hellip;]<\/p>\n","protected":false},"author":2,"featured_media":1286,"comment_status":"closed","ping_status":"open","sticky":false,"template":"","format":"standard","meta":{"_jetpack_memberships_contains_paid_content":false,"footnotes":""},"categories":[1],"tags":[],"class_list":["post-1287","post","type-post","status-publish","format-standard","has-post-thumbnail","hentry","category-allgemein"],"jetpack_sharing_enabled":true,"jetpack_featured_media_url":"https:\/\/sv-koerne83.de\/wordpress\/wp-content\/uploads\/2020\/03\/corona-4912807_1920.jpg","_links":{"self":[{"href":"https:\/\/sv-koerne83.de\/wordpress\/wp-json\/wp\/v2\/posts\/1287","targetHints":{"allow":["GET"]}}],"collection":[{"href":"https:\/\/sv-koerne83.de\/wordpress\/wp-json\/wp\/v2\/posts"}],"about":[{"href":"https:\/\/sv-koerne83.de\/wordpress\/wp-json\/wp\/v2\/types\/post"}],"author":[{"embeddable":true,"href":"https:\/\/sv-koerne83.de\/wordpress\/wp-json\/wp\/v2\/users\/2"}],"replies":[{"embeddable":true,"href":"https:\/\/sv-koerne83.de\/wordpress\/wp-json\/wp\/v2\/comments?post=1287"}],"version-history":[{"count":1,"href":"https:\/\/sv-koerne83.de\/wordpress\/wp-json\/wp\/v2\/posts\/1287\/revisions"}],"predecessor-version":[{"id":1288,"href":"https:\/\/sv-koerne83.de\/wordpress\/wp-json\/wp\/v2\/posts\/1287\/revisions\/1288"}],"wp:featuredmedia":[{"embeddable":true,"href":"https:\/\/sv-koerne83.de\/wordpress\/wp-json\/wp\/v2\/media\/1286"}],"wp:attachment":[{"href":"https:\/\/sv-koerne83.de\/wordpress\/wp-json\/wp\/v2\/media?parent=1287"}],"wp:term":[{"taxonomy":"category","embeddable":true,"href":"https:\/\/sv-koerne83.de\/wordpress\/wp-json\/wp\/v2\/categories?post=1287"},{"taxonomy":"post_tag","embeddable":true,"href":"https:\/\/sv-koerne83.de\/wordpress\/wp-json\/wp\/v2\/tags?post=1287"}],"curies":[{"name":"wp","href":"https:\/\/api.w.org\/{rel}","templated":true}]}}