{"id":1294,"date":"2020-03-16T12:05:23","date_gmt":"2020-03-16T11:05:23","guid":{"rendered":"https:\/\/sv-koerne83.de\/wordpress\/?p=1294"},"modified":"2020-03-16T13:51:05","modified_gmt":"2020-03-16T12:51:05","slug":"corona-update","status":"publish","type":"post","link":"https:\/\/sv-koerne83.de\/wordpress\/2020\/03\/16\/corona-update\/","title":{"rendered":"CORONA-UPDATE"},"content":{"rendered":"\n<p>Liebe Sportler, Sportlerinnen, Trainer, Betreuer und Eltern. <\/p>\n\n\n\n<p>Wie die Landesregierung gestern mitteilte, sind ab Dienstag (17.03.2020) Zusammenk\u00fcnfte in Sportvereinen nicht mehr gestattet. Dies bedeutet, dass der Trainingsbetrieb in allen Bereichen (Jugend, Senioren und Bodyshape) nicht stattfindet. Diese Ma\u00dfnahmen gelten zun\u00e4chst bis zum 19. April 2020. Danach soll auf der Grundlage einer aktuellen Lage-Einsch\u00e4tzung \u00fcber das weitere Vorgehen entschieden werden. <\/p>\n\n\n\n<p>Wir wissen, dass es im Moment schade und ungewohnt ist, seinen Freizeitaktivit\u00e4ten nicht wie gewohnt nachkommen zu k\u00f6nnen. Dennoch sind diese Ma\u00dfnahmen von der Landesregierung vorgegeben und diese gilt es zu respektieren und durchzuf\u00fchren. Die Verlangsamung der Virusverbreitung hat im Moment die h\u00f6chste Priorit\u00e4t und dient zum Schutz der \u00c4lteren und Schw\u00e4cheren in unserer Gesellschaft und ist notwendig um das Gesundheitssystem weiterhin aufrecht zu erhalten.<\/p>\n\n\n\n<p>Es wird auch wieder die Zeit kommen, wo wir gemeinsam trainieren und wieder auf Punktejagd gehen k\u00f6nnen. Im Moment geht es jedoch darum, die Infektionswelle so gering wie m\u00f6glich zu halten. Wir danken euch schon jetzt f\u00fcr euer Verst\u00e4ndnis. <\/p>\n\n\n\n<p>Die Erkl\u00e4rung der Landesregierung kann <a aria-label=\"hier (opens in a new tab)\" rel=\"noreferrer noopener\" href=\"https:\/\/www.land.nrw\/de\/pressemitteilung\/landesregierung-beschliesst-weitere-massnahmen-zur-eindaemmung-der-corona-virus\" target=\"_blank\"><strong><span style=\"text-decoration: underline;\">hier<\/span><\/strong><\/a> nachgelesen werden.<\/p>\n","protected":false},"excerpt":{"rendered":"<p>Liebe Sportler, Sportlerinnen, Trainer, Betreuer und Eltern. Wie die Landesregierung gestern mitteilte, sind ab Dienstag (17.03.2020) Zusammenk\u00fcnfte in Sportvereinen nicht mehr gestattet. Dies bedeutet, dass der Trainingsbetrieb in allen Bereichen [&hellip;]<\/p>\n","protected":false},"author":2,"featured_media":1293,"comment_status":"closed","ping_status":"open","sticky":false,"template":"","format":"standard","meta":{"_jetpack_memberships_contains_paid_content":false,"footnotes":""},"categories":[30,31,32,33,1,34,35],"tags":[],"class_list":["post-1294","post","type-post","status-publish","format-standard","has-post-thumbnail","hentry","category-1-mannschaft","category-2-mannschaft","category-3-mannschaft","category-4-mannschaft","category-allgemein","category-alte-herren","category-jugend"],"jetpack_sharing_enabled":true,"jetpack_featured_media_url":"https:\/\/sv-koerne83.de\/wordpress\/wp-content\/uploads\/2020\/03\/corona-4910057_1920.jpg","_links":{"self":[{"href":"https:\/\/sv-koerne83.de\/wordpress\/wp-json\/wp\/v2\/posts\/1294","targetHints":{"allow":["GET"]}}],"collection":[{"href":"https:\/\/sv-koerne83.de\/wordpress\/wp-json\/wp\/v2\/posts"}],"about":[{"href":"https:\/\/sv-koerne83.de\/wordpress\/wp-json\/wp\/v2\/types\/post"}],"author":[{"embeddable":true,"href":"https:\/\/sv-koerne83.de\/wordpress\/wp-json\/wp\/v2\/users\/2"}],"replies":[{"embeddable":true,"href":"https:\/\/sv-koerne83.de\/wordpress\/wp-json\/wp\/v2\/comments?post=1294"}],"version-history":[{"count":3,"href":"https:\/\/sv-koerne83.de\/wordpress\/wp-json\/wp\/v2\/posts\/1294\/revisions"}],"predecessor-version":[{"id":1297,"href":"https:\/\/sv-koerne83.de\/wordpress\/wp-json\/wp\/v2\/posts\/1294\/revisions\/1297"}],"wp:featuredmedia":[{"embeddable":true,"href":"https:\/\/sv-koerne83.de\/wordpress\/wp-json\/wp\/v2\/media\/1293"}],"wp:attachment":[{"href":"https:\/\/sv-koerne83.de\/wordpress\/wp-json\/wp\/v2\/media?parent=1294"}],"wp:term":[{"taxonomy":"category","embeddable":true,"href":"https:\/\/sv-koerne83.de\/wordpress\/wp-json\/wp\/v2\/categories?post=1294"},{"taxonomy":"post_tag","embeddable":true,"href":"https:\/\/sv-koerne83.de\/wordpress\/wp-json\/wp\/v2\/tags?post=1294"}],"curies":[{"name":"wp","href":"https:\/\/api.w.org\/{rel}","templated":true}]}}