{"id":1299,"date":"2020-03-28T14:58:34","date_gmt":"2020-03-28T13:58:34","guid":{"rendered":"https:\/\/sv-koerne83.de\/wordpress\/?p=1299"},"modified":"2023-02-22T13:46:03","modified_gmt":"2023-02-22T12:46:03","slug":"neue-led-flutlichtanlage","status":"publish","type":"post","link":"https:\/\/sv-koerne83.de\/wordpress\/2020\/03\/28\/neue-led-flutlichtanlage\/","title":{"rendered":"Neue LED-Flutlichtanlage"},"content":{"rendered":"\n<p><strong>SV K\u00f6rne 83\nschont Umwelt mit neuer LED-Flutlichtanlage <\/strong><\/p>\n\n\n\n<p>Nachdem bereits\n2013 eine Photovoltaikanlage auf dem Dach des Vereinsgeb\u00e4udes installiert\nwurde, setzt der Verein den Weg der Nutzung moderner Energien konsequent fort.<\/p>\n\n\n\n<figure class=\"wp-block-image\"><img loading=\"lazy\" decoding=\"async\" width=\"1024\" height=\"343\" src=\"https:\/\/sv-koerne83.de\/wordpress\/wp-content\/uploads\/2020\/07\/BMUB_NKI_gefoer_Web_300dpi_de_quer-1024x343.jpg\" alt=\"\" class=\"wp-image-1419\" srcset=\"https:\/\/sv-koerne83.de\/wordpress\/wp-content\/uploads\/2020\/07\/BMUB_NKI_gefoer_Web_300dpi_de_quer-1024x343.jpg 1024w, https:\/\/sv-koerne83.de\/wordpress\/wp-content\/uploads\/2020\/07\/BMUB_NKI_gefoer_Web_300dpi_de_quer-300x100.jpg 300w, https:\/\/sv-koerne83.de\/wordpress\/wp-content\/uploads\/2020\/07\/BMUB_NKI_gefoer_Web_300dpi_de_quer-768x257.jpg 768w, https:\/\/sv-koerne83.de\/wordpress\/wp-content\/uploads\/2020\/07\/BMUB_NKI_gefoer_Web_300dpi_de_quer-128x43.jpg 128w, https:\/\/sv-koerne83.de\/wordpress\/wp-content\/uploads\/2020\/07\/BMUB_NKI_gefoer_Web_300dpi_de_quer-32x11.jpg 32w\" sizes=\"auto, (max-width: 1024px) 100vw, 1024px\" \/><\/figure>\n\n\n\n<p>In diesem Zuge\nwurde Ende 2019 eine LED-Flutlichtanlage in Betrieb genommen, um somit den\nEnergiebedarf nochmals enorm zu senken. <\/p>\n\n\n\n<p>Finanzielle\nHilfe bei der Realisierung dieses Projektes kommt vom 1974 gegr\u00fcndeten Projekttr\u00e4ger\nJ\u00fclich (PtJ), der sich auf seiner Homepage als einen \u201eder f\u00fchrenden\nProjekttr\u00e4ger in Deutschland\u201c definiert. <\/p>\n\n\n\n<p>Als \u201ePartner\nder \u00f6ffentlichen Hand f\u00fcr Wissenschaft und Wirtschaft\u201c unterst\u00fctzt der PtJ auch\nProjekte wie die Erneuerung der Flutlichtanlage am Winkelriedweg und gew\u00e4hrt dem\nVerein einen Zuschuss von 30% der Gesamtkosten in H\u00f6he von 26.500\u20ac.<\/p>\n\n\n\n<p>Auch wenn diese\nfinanziellen Mittel erst in den kommenden Wochen flie\u00dfen werden, konnte die\nneue Anlage bereits komplett bezahlt werden.<\/p>\n\n\n\n<p>Erm\u00f6glicht\nwurde dieses u.a. durch Mittel aus der Sportpauschale und 5.000,00 \u20ac Zuschuss\nvon der Bezirksvertretung.<\/p>\n\n\n\n<p>Die f\u00fcr die\ngeplante Vergr\u00f6\u00dferung der Sportanlage am Winkelriedweg und die damit verbundenen\nzus\u00e4tzlichen Kosten f\u00fcr die gr\u00f6\u00dfere Kapazit\u00e4t der LED-Flutlichtanlage hat der\nVerein mit 2.500\u20ac vorfinanziert- und das, ohne in eine finanzielle Notlage zu\ngeraten!<\/p>\n","protected":false},"excerpt":{"rendered":"<p>SV K\u00f6rne 83 schont Umwelt mit neuer LED-Flutlichtanlage Nachdem bereits 2013 eine Photovoltaikanlage auf dem Dach des Vereinsgeb\u00e4udes installiert wurde, setzt der Verein den Weg der Nutzung moderner Energien konsequent [&hellip;]<\/p>\n","protected":false},"author":4,"featured_media":1324,"comment_status":"closed","ping_status":"open","sticky":false,"template":"","format":"standard","meta":{"_jetpack_memberships_contains_paid_content":false,"footnotes":""},"categories":[1],"tags":[],"class_list":["post-1299","post","type-post","status-publish","format-standard","has-post-thumbnail","hentry","category-allgemein"],"jetpack_sharing_enabled":true,"jetpack_featured_media_url":"https:\/\/sv-koerne83.de\/wordpress\/wp-content\/uploads\/2020\/03\/1024-e1586169374440.jpg","_links":{"self":[{"href":"https:\/\/sv-koerne83.de\/wordpress\/wp-json\/wp\/v2\/posts\/1299","targetHints":{"allow":["GET"]}}],"collection":[{"href":"https:\/\/sv-koerne83.de\/wordpress\/wp-json\/wp\/v2\/posts"}],"about":[{"href":"https:\/\/sv-koerne83.de\/wordpress\/wp-json\/wp\/v2\/types\/post"}],"author":[{"embeddable":true,"href":"https:\/\/sv-koerne83.de\/wordpress\/wp-json\/wp\/v2\/users\/4"}],"replies":[{"embeddable":true,"href":"https:\/\/sv-koerne83.de\/wordpress\/wp-json\/wp\/v2\/comments?post=1299"}],"version-history":[{"count":3,"href":"https:\/\/sv-koerne83.de\/wordpress\/wp-json\/wp\/v2\/posts\/1299\/revisions"}],"predecessor-version":[{"id":1421,"href":"https:\/\/sv-koerne83.de\/wordpress\/wp-json\/wp\/v2\/posts\/1299\/revisions\/1421"}],"wp:featuredmedia":[{"embeddable":true,"href":"https:\/\/sv-koerne83.de\/wordpress\/wp-json\/wp\/v2\/media\/1324"}],"wp:attachment":[{"href":"https:\/\/sv-koerne83.de\/wordpress\/wp-json\/wp\/v2\/media?parent=1299"}],"wp:term":[{"taxonomy":"category","embeddable":true,"href":"https:\/\/sv-koerne83.de\/wordpress\/wp-json\/wp\/v2\/categories?post=1299"},{"taxonomy":"post_tag","embeddable":true,"href":"https:\/\/sv-koerne83.de\/wordpress\/wp-json\/wp\/v2\/tags?post=1299"}],"curies":[{"name":"wp","href":"https:\/\/api.w.org\/{rel}","templated":true}]}}