{"id":1303,"date":"2020-04-01T09:46:09","date_gmt":"2020-04-01T07:46:09","guid":{"rendered":"https:\/\/sv-koerne83.de\/wordpress\/?p=1303"},"modified":"2020-04-01T09:46:10","modified_gmt":"2020-04-01T07:46:10","slug":"aufstieg-nicht-moeglich","status":"publish","type":"post","link":"https:\/\/sv-koerne83.de\/wordpress\/2020\/04\/01\/aufstieg-nicht-moeglich\/","title":{"rendered":"Aufstieg nicht m\u00f6glich"},"content":{"rendered":"\n<p>Die 1. Mannschaft steht aktuell unangefochten auf dem 1. Tabellenplatz in der Kreisliga B. Das Team von Trainer Viktor Pusch musste in dieser Saison noch keine Niederlage hinnehmen. Je nachdem wie und ob die Spielzeit weitergef\u00fchrt wird, sieht es f\u00fcr die Mannschaft dennoch schlecht mit dem Aufstieg aus. <\/p>\n\n\n\n<p>Der Fu\u00dfballkreis teilte dem Verein mit, dass der neue Kunstrasen am Winkelriedweg die Mindestl\u00e4nge f\u00fcr Meisterschaftsspiele in der Kreisliga A nicht aufweist und so ein Aufstieg in die h\u00f6chste Kreisliga in Dortmund nicht m\u00f6glich ist. Als der Verein vor ein paar Jahren noch in der A-Liga kickte, gab es an der Hohwartschule noch den Ascheplatz. &#8222;Dieser Sportplatz hatte andere Ma\u00dfe und war f\u00fcr den Spielbetrieb in der Kreisliga A zugelassen.&#8220;, so der Kreisvorsitzende J\u00fcrgen Grondziewski. &#8222;Der Verein h\u00e4tte dies in seiner Kunstrasenplanung ber\u00fccksichtigen m\u00fcssen.&#8220;, stellte er weiterhin fest. <\/p>\n\n\n\n<p>Wie es nun weiter geht, steht noch in den Sternen. Vielleicht gelingt es dem Vorstand eine Sondergenehmigung zu erwirken. Wenn diese abgelehnt wird, muss der SV K\u00f6rne 83 weiterhin in der Kreisliga B spielen. Wir werden weiterhin \u00fcber dieses Thema informieren.<\/p>\n","protected":false},"excerpt":{"rendered":"<p>Die 1. Mannschaft steht aktuell unangefochten auf dem 1. Tabellenplatz in der Kreisliga B. Das Team von Trainer Viktor Pusch musste in dieser Saison noch keine Niederlage hinnehmen. Je nachdem [&hellip;]<\/p>\n","protected":false},"author":2,"featured_media":621,"comment_status":"closed","ping_status":"open","sticky":false,"template":"","format":"standard","meta":{"_jetpack_memberships_contains_paid_content":false,"footnotes":""},"categories":[30,1],"tags":[],"class_list":["post-1303","post","type-post","status-publish","format-standard","has-post-thumbnail","hentry","category-1-mannschaft","category-allgemein"],"jetpack_sharing_enabled":true,"jetpack_featured_media_url":"https:\/\/sv-koerne83.de\/wordpress\/wp-content\/uploads\/2019\/08\/202CE943-3C8F-4050-A873-A373FC735758.jpeg","_links":{"self":[{"href":"https:\/\/sv-koerne83.de\/wordpress\/wp-json\/wp\/v2\/posts\/1303","targetHints":{"allow":["GET"]}}],"collection":[{"href":"https:\/\/sv-koerne83.de\/wordpress\/wp-json\/wp\/v2\/posts"}],"about":[{"href":"https:\/\/sv-koerne83.de\/wordpress\/wp-json\/wp\/v2\/types\/post"}],"author":[{"embeddable":true,"href":"https:\/\/sv-koerne83.de\/wordpress\/wp-json\/wp\/v2\/users\/2"}],"replies":[{"embeddable":true,"href":"https:\/\/sv-koerne83.de\/wordpress\/wp-json\/wp\/v2\/comments?post=1303"}],"version-history":[{"count":2,"href":"https:\/\/sv-koerne83.de\/wordpress\/wp-json\/wp\/v2\/posts\/1303\/revisions"}],"predecessor-version":[{"id":1305,"href":"https:\/\/sv-koerne83.de\/wordpress\/wp-json\/wp\/v2\/posts\/1303\/revisions\/1305"}],"wp:featuredmedia":[{"embeddable":true,"href":"https:\/\/sv-koerne83.de\/wordpress\/wp-json\/wp\/v2\/media\/621"}],"wp:attachment":[{"href":"https:\/\/sv-koerne83.de\/wordpress\/wp-json\/wp\/v2\/media?parent=1303"}],"wp:term":[{"taxonomy":"category","embeddable":true,"href":"https:\/\/sv-koerne83.de\/wordpress\/wp-json\/wp\/v2\/categories?post=1303"},{"taxonomy":"post_tag","embeddable":true,"href":"https:\/\/sv-koerne83.de\/wordpress\/wp-json\/wp\/v2\/tags?post=1303"}],"curies":[{"name":"wp","href":"https:\/\/api.w.org\/{rel}","templated":true}]}}