{"id":1307,"date":"2020-04-01T13:13:43","date_gmt":"2020-04-01T11:13:43","guid":{"rendered":"https:\/\/sv-koerne83.de\/wordpress\/?p=1307"},"modified":"2020-04-01T17:47:22","modified_gmt":"2020-04-01T15:47:22","slug":"trainerhammer","status":"publish","type":"post","link":"https:\/\/sv-koerne83.de\/wordpress\/2020\/04\/01\/trainerhammer\/","title":{"rendered":"Trainerhammer"},"content":{"rendered":"\n<p>Trotz der Coronakrise muss man auch ein Wenig in die Zukunft schauen und die n\u00e4chste Saison planen.<\/p>\n\n\n\n<p>Nein, es ist kein Aprilscherz.<br>In der letzten Woche teilte der Trainer der 2. Mannschaft, Mario Sopar, dem Vorstand mit, dass er am Ende der Saison das Amt als Cheftrainer in der 2. Mannschaft niederlegen wird.<br><br>Unter ihm und seinem damaligen Co Trainer Basti Giese  gelang es der Zweiten in Sopars zweiter Saison als Cheftrainer, der Aufstieg in die Kreisliga B. <br>In der letzten Saison konnte man die Klasse halten. <br>Sollte diese Saison noch zu Ende gespielt werden, soll der erneute Klassenerhalt gelingen.<br><br>Vier Jahre nach seiner R\u00fcckkehr zum SVK wechselt er nun die Mannschaft.  <\/p>\n\n\n\n<p>Dem Verein bleibt er gl\u00fccklicherweise, trotz einiger interessanter Angebot aus den h\u00f6heren Ligen bei den Herren, erhalten.<br><br>In der n\u00e4chsten Saison wird er zusammen mit dem derzeitigen C-Jugend Trainer Tobias Schigowski die B-Jugend des SV K\u00f6rne 83 trainieren.<br><br>Sobald abzusehen ist, wann, wie und ob diese Saison weiter geht, werden die Gespr\u00e4che mit dem vorhandenen Spielerpool intensiviert.<br><br>Stand jetzt werden 14 Spieler aus der C-Jugend in die B-Jugend hochgehen. Dieser Kader wird dann zusammen mit dem Spieler Material der B-Jugend den Kader bilden. Zudem erhofft man sich durch externe Neuzug\u00e4nge einen zus\u00e4tzlichen Konkurrenzdruck zu erzeugen.<br><br>Man m\u00f6chte mit einem starken Kader versuchen, um den Aufstieg in die n\u00e4chsth\u00f6here Liga mitzuspielen.<br><br>Die Weichen sind gestellt. Jetzt hei\u00dft es abwarten, bis der ganze Corona Spuk vorbei ist.<br><br>Bleibt alle Gesund und hoffentlich bis bald im Affenk\u00e4fig .<br><br><br><br> <br><br><br><br><br><br><br><\/p>\n\n\n\n<p><\/p>\n","protected":false},"excerpt":{"rendered":"<p>Trotz der Coronakrise muss man auch ein Wenig in die Zukunft schauen und die n\u00e4chste Saison planen. Nein, es ist kein Aprilscherz.In der letzten Woche teilte der Trainer der 2. [&hellip;]<\/p>\n","protected":false},"author":3,"featured_media":1320,"comment_status":"closed","ping_status":"open","sticky":false,"template":"","format":"standard","meta":{"_jetpack_memberships_contains_paid_content":false,"footnotes":""},"categories":[31,1,35],"tags":[],"class_list":["post-1307","post","type-post","status-publish","format-standard","has-post-thumbnail","hentry","category-2-mannschaft","category-allgemein","category-jugend"],"jetpack_sharing_enabled":true,"jetpack_featured_media_url":"https:\/\/sv-koerne83.de\/wordpress\/wp-content\/uploads\/2020\/04\/lhuw5fhCTlwlwBjqAQotK9R9SrQ1Afj5YHfHnNVd.jpg","_links":{"self":[{"href":"https:\/\/sv-koerne83.de\/wordpress\/wp-json\/wp\/v2\/posts\/1307","targetHints":{"allow":["GET"]}}],"collection":[{"href":"https:\/\/sv-koerne83.de\/wordpress\/wp-json\/wp\/v2\/posts"}],"about":[{"href":"https:\/\/sv-koerne83.de\/wordpress\/wp-json\/wp\/v2\/types\/post"}],"author":[{"embeddable":true,"href":"https:\/\/sv-koerne83.de\/wordpress\/wp-json\/wp\/v2\/users\/3"}],"replies":[{"embeddable":true,"href":"https:\/\/sv-koerne83.de\/wordpress\/wp-json\/wp\/v2\/comments?post=1307"}],"version-history":[{"count":4,"href":"https:\/\/sv-koerne83.de\/wordpress\/wp-json\/wp\/v2\/posts\/1307\/revisions"}],"predecessor-version":[{"id":1322,"href":"https:\/\/sv-koerne83.de\/wordpress\/wp-json\/wp\/v2\/posts\/1307\/revisions\/1322"}],"wp:featuredmedia":[{"embeddable":true,"href":"https:\/\/sv-koerne83.de\/wordpress\/wp-json\/wp\/v2\/media\/1320"}],"wp:attachment":[{"href":"https:\/\/sv-koerne83.de\/wordpress\/wp-json\/wp\/v2\/media?parent=1307"}],"wp:term":[{"taxonomy":"category","embeddable":true,"href":"https:\/\/sv-koerne83.de\/wordpress\/wp-json\/wp\/v2\/categories?post=1307"},{"taxonomy":"post_tag","embeddable":true,"href":"https:\/\/sv-koerne83.de\/wordpress\/wp-json\/wp\/v2\/tags?post=1307"}],"curies":[{"name":"wp","href":"https:\/\/api.w.org\/{rel}","templated":true}]}}