{"id":1332,"date":"2020-04-20T11:24:12","date_gmt":"2020-04-20T09:24:12","guid":{"rendered":"https:\/\/sv-koerne83.de\/wordpress\/?p=1332"},"modified":"2020-04-22T18:05:05","modified_gmt":"2020-04-22T16:05:05","slug":"umfrage-zum-stimmungsbild","status":"publish","type":"post","link":"https:\/\/sv-koerne83.de\/wordpress\/2020\/04\/20\/umfrage-zum-stimmungsbild\/","title":{"rendered":"Umfrage zum Stimmungsbild"},"content":{"rendered":"\n<p>Der FLVW befragt gerade alle Vereine zum Stimmungsbild was die laufende Saison betrifft. Am 23. April m\u00f6chte sich der FLVW dazu \u00e4u\u00dfern, wie es im Amateurfu\u00dfballbereich weitergeht. Wir m\u00f6chten gerne eure Meinung wissen. Was meint ihr wie man weiter verfahren sollte? Nimmt einfach an unserer Abstimmung auf unserer Homepage teil. Am Mittwoch pr\u00e4sentieren wir euch das Ergebnis.<\/p>\n\n\n\n<figure class=\"wp-block-image\"><img loading=\"lazy\" decoding=\"async\" width=\"730\" height=\"446\" src=\"https:\/\/sv-koerne83.de\/wordpress\/wp-content\/uploads\/2020\/04\/umfrage.jpg\" alt=\"\" class=\"wp-image-1337\" srcset=\"https:\/\/sv-koerne83.de\/wordpress\/wp-content\/uploads\/2020\/04\/umfrage.jpg 730w, https:\/\/sv-koerne83.de\/wordpress\/wp-content\/uploads\/2020\/04\/umfrage-300x183.jpg 300w, https:\/\/sv-koerne83.de\/wordpress\/wp-content\/uploads\/2020\/04\/umfrage-128x78.jpg 128w, https:\/\/sv-koerne83.de\/wordpress\/wp-content\/uploads\/2020\/04\/umfrage-32x20.jpg 32w\" sizes=\"auto, (max-width: 730px) 100vw, 730px\" \/><\/figure>\n\n\n\n<ol class=\"wp-block-list\"><li>Abbruch &#8211; Der aktuelle Tabellenstand ist ma\u00dfgeblich. Es gibt nur Aufsteiger (50,00 %)<\/li><li>Abbruch &#8211; Die Hinrunde wird gewertet. Es gibt nur Aufsteiger (30,43 %)<\/li><li>Fortsetzung der Saison ab September. Soweit das bis dahin m\u00f6glich ist (19,57 %)<\/li><li>Abbruch &#8211; Die Saison wird annulliert. Es gibt keine Auf- und Absteiger (8,70 %)<\/li><\/ol>\n","protected":false},"excerpt":{"rendered":"<p>Der FLVW befragt gerade alle Vereine zum Stimmungsbild was die laufende Saison betrifft. Am 23. April m\u00f6chte sich der FLVW dazu \u00e4u\u00dfern, wie es im Amateurfu\u00dfballbereich weitergeht. Wir m\u00f6chten gerne [&hellip;]<\/p>\n","protected":false},"author":2,"featured_media":1334,"comment_status":"closed","ping_status":"open","sticky":false,"template":"","format":"standard","meta":{"_jetpack_memberships_contains_paid_content":false,"footnotes":""},"categories":[30,31,32,33,1,34,35],"tags":[],"class_list":["post-1332","post","type-post","status-publish","format-standard","has-post-thumbnail","hentry","category-1-mannschaft","category-2-mannschaft","category-3-mannschaft","category-4-mannschaft","category-allgemein","category-alte-herren","category-jugend"],"jetpack_sharing_enabled":true,"jetpack_featured_media_url":"https:\/\/sv-koerne83.de\/wordpress\/wp-content\/uploads\/2020\/04\/bacterial-infection-4923544_1920.jpg","_links":{"self":[{"href":"https:\/\/sv-koerne83.de\/wordpress\/wp-json\/wp\/v2\/posts\/1332","targetHints":{"allow":["GET"]}}],"collection":[{"href":"https:\/\/sv-koerne83.de\/wordpress\/wp-json\/wp\/v2\/posts"}],"about":[{"href":"https:\/\/sv-koerne83.de\/wordpress\/wp-json\/wp\/v2\/types\/post"}],"author":[{"embeddable":true,"href":"https:\/\/sv-koerne83.de\/wordpress\/wp-json\/wp\/v2\/users\/2"}],"replies":[{"embeddable":true,"href":"https:\/\/sv-koerne83.de\/wordpress\/wp-json\/wp\/v2\/comments?post=1332"}],"version-history":[{"count":3,"href":"https:\/\/sv-koerne83.de\/wordpress\/wp-json\/wp\/v2\/posts\/1332\/revisions"}],"predecessor-version":[{"id":1339,"href":"https:\/\/sv-koerne83.de\/wordpress\/wp-json\/wp\/v2\/posts\/1332\/revisions\/1339"}],"wp:featuredmedia":[{"embeddable":true,"href":"https:\/\/sv-koerne83.de\/wordpress\/wp-json\/wp\/v2\/media\/1334"}],"wp:attachment":[{"href":"https:\/\/sv-koerne83.de\/wordpress\/wp-json\/wp\/v2\/media?parent=1332"}],"wp:term":[{"taxonomy":"category","embeddable":true,"href":"https:\/\/sv-koerne83.de\/wordpress\/wp-json\/wp\/v2\/categories?post=1332"},{"taxonomy":"post_tag","embeddable":true,"href":"https:\/\/sv-koerne83.de\/wordpress\/wp-json\/wp\/v2\/tags?post=1332"}],"curies":[{"name":"wp","href":"https:\/\/api.w.org\/{rel}","templated":true}]}}