{"id":1363,"date":"2020-05-28T09:13:01","date_gmt":"2020-05-28T07:13:01","guid":{"rendered":"https:\/\/sv-koerne83.de\/wordpress\/?p=1363"},"modified":"2020-05-28T09:13:02","modified_gmt":"2020-05-28T07:13:02","slug":"1-mannschaft-so-gut-wie-aufgestiegen","status":"publish","type":"post","link":"https:\/\/sv-koerne83.de\/wordpress\/2020\/05\/28\/1-mannschaft-so-gut-wie-aufgestiegen\/","title":{"rendered":"1. Mannschaft so gut wie aufgestiegen"},"content":{"rendered":"\n<p>Die 1. Mannschaft steht als Aufsteiger in die Kreisliga A fest<em>*<\/em>. Dies teilte gestern der Fu\u00dfballkreis Dortmund mit. Final abzuwarten ist jedoch der au\u00dferordentliche Verbandstag des FLVW Anfang Juni. Hier muss der Saisonabbruch offiziell best\u00e4tigt werden. Dies ist wohl nur eine formelle Angelegenheit, dennoch steht diese Entscheidung noch aus.<\/p>\n\n\n\n<p>Mit dem bevorstehenden Saisonabbruch feiert die Mannschaft von Trainer Viktor Pusch einen vers\u00f6hnlichen Abschluss. Bereits in den beiden Jahren zuvor scheiterte man jeweils in der Relegation. Im dritten Anlauf klappte nun endlich der Aufstieg. <\/p>\n\n\n\n<p>Die Mannschaft zeigte in dieser Saison fast keine Schw\u00e4chen und musste lediglich zweimal mit einer Punkteteilung (DJK TuS K\u00f6rne 4:4 und VfR S\u00f6lde 2:2) leben. Seit Beginn der Saison stand die 1. Mannschaft auf dem 1. Tabellenplatz. Bis zur Unterbrechung der Saison hatte man 4 Punkte Vorsprung vor dem VfR S\u00f6lde. <\/p>\n\n\n\n<figure class=\"wp-block-image\"><img loading=\"lazy\" decoding=\"async\" width=\"992\" height=\"538\" src=\"https:\/\/sv-koerne83.de\/wordpress\/wp-content\/uploads\/2020\/05\/fieber.jpg\" alt=\"\" class=\"wp-image-1366\" srcset=\"https:\/\/sv-koerne83.de\/wordpress\/wp-content\/uploads\/2020\/05\/fieber.jpg 992w, https:\/\/sv-koerne83.de\/wordpress\/wp-content\/uploads\/2020\/05\/fieber-300x163.jpg 300w, https:\/\/sv-koerne83.de\/wordpress\/wp-content\/uploads\/2020\/05\/fieber-768x417.jpg 768w, https:\/\/sv-koerne83.de\/wordpress\/wp-content\/uploads\/2020\/05\/fieber-128x69.jpg 128w, https:\/\/sv-koerne83.de\/wordpress\/wp-content\/uploads\/2020\/05\/fieber-32x17.jpg 32w\" sizes=\"auto, (max-width: 992px) 100vw, 992px\" \/><figcaption>Platzierungen SV K\u00f6rne | Saison 2019\/2020<\/figcaption><\/figure>\n\n\n\n<p>Die Abschlusstabelle zeigt nun folgendes Bild, indem das Team mit 53 Punkten und einem Torverh\u00e4ltnis von 125:24 unangefochten von der Tabellenspitze gr\u00fc\u00dft. <\/p>\n\n\n<div id=\"fubade-89-JEVUV\" class=\"include-fussball-de-widgets\">\n\t<iframe src='\/\/www.fussball.de\/widget2\/-\/schluessel\/02AUM63EPS000000VUM1DNP0VURJEVUV\/target\/fubade-89-JEVUV\/caller\/sv-koerne83.de' width='900px' height='100%' scrolling='no' style='border: 1px solid #CECECE; overflow: hidden; min-height: 200px;'><\/iframe>\n<\/div>\n\n\n\n<p>In der n\u00e4chsten Saison wird demnach im Affenk\u00e4fig, nach langer Abstinenz, wieder Kreisliga A Fu\u00dfball pr\u00e4sentiert. Wir hoffen auf sch\u00f6ne und spannende Spiele, viele Zuschauer und einer Saison, die nicht durch eine Epidemie abgebrochen werden muss.<\/p>\n\n\n\n<figure class=\"wp-block-image\"><img loading=\"lazy\" decoding=\"async\" width=\"1024\" height=\"768\" src=\"https:\/\/sv-koerne83.de\/wordpress\/wp-content\/uploads\/2019\/10\/ce8e31e7-377e-4620-86d7-c2ab338a21f3-1024x768.jpg\" alt=\"\" class=\"wp-image-926\" srcset=\"https:\/\/sv-koerne83.de\/wordpress\/wp-content\/uploads\/2019\/10\/ce8e31e7-377e-4620-86d7-c2ab338a21f3-1024x768.jpg 1024w, https:\/\/sv-koerne83.de\/wordpress\/wp-content\/uploads\/2019\/10\/ce8e31e7-377e-4620-86d7-c2ab338a21f3-300x225.jpg 300w, https:\/\/sv-koerne83.de\/wordpress\/wp-content\/uploads\/2019\/10\/ce8e31e7-377e-4620-86d7-c2ab338a21f3-768x576.jpg 768w, https:\/\/sv-koerne83.de\/wordpress\/wp-content\/uploads\/2019\/10\/ce8e31e7-377e-4620-86d7-c2ab338a21f3-128x96.jpg 128w, https:\/\/sv-koerne83.de\/wordpress\/wp-content\/uploads\/2019\/10\/ce8e31e7-377e-4620-86d7-c2ab338a21f3-32x24.jpg 32w, https:\/\/sv-koerne83.de\/wordpress\/wp-content\/uploads\/2019\/10\/ce8e31e7-377e-4620-86d7-c2ab338a21f3.jpg 1600w\" sizes=\"auto, (max-width: 1024px) 100vw, 1024px\" \/><\/figure>\n\n\n\n<p><em>Hinweis: *Der Aufstieg steht fest, wenn am 9. Juni der FLVW den Abbruch der Saison offiziell best\u00e4tigt hat. Die Abstimmung hierr\u00fcber l\u00e4uft bis zum 8. Juni 2020 und wird einen Tag sp\u00e4ter verk\u00fcndet. <\/em><\/p>\n","protected":false},"excerpt":{"rendered":"<p>Die 1. Mannschaft steht als Aufsteiger in die Kreisliga A fest*. Dies teilte gestern der Fu\u00dfballkreis Dortmund mit. Final abzuwarten ist jedoch der au\u00dferordentliche Verbandstag des FLVW Anfang Juni. Hier [&hellip;]<\/p>\n","protected":false},"author":2,"featured_media":957,"comment_status":"closed","ping_status":"open","sticky":false,"template":"","format":"standard","meta":{"_jetpack_memberships_contains_paid_content":false,"footnotes":""},"categories":[1],"tags":[],"class_list":["post-1363","post","type-post","status-publish","format-standard","has-post-thumbnail","hentry","category-allgemein"],"jetpack_sharing_enabled":true,"jetpack_featured_media_url":"https:\/\/sv-koerne83.de\/wordpress\/wp-content\/uploads\/2019\/10\/8a7e1f4d-9972-415c-b3ec-b163560148dc.jpg","_links":{"self":[{"href":"https:\/\/sv-koerne83.de\/wordpress\/wp-json\/wp\/v2\/posts\/1363","targetHints":{"allow":["GET"]}}],"collection":[{"href":"https:\/\/sv-koerne83.de\/wordpress\/wp-json\/wp\/v2\/posts"}],"about":[{"href":"https:\/\/sv-koerne83.de\/wordpress\/wp-json\/wp\/v2\/types\/post"}],"author":[{"embeddable":true,"href":"https:\/\/sv-koerne83.de\/wordpress\/wp-json\/wp\/v2\/users\/2"}],"replies":[{"embeddable":true,"href":"https:\/\/sv-koerne83.de\/wordpress\/wp-json\/wp\/v2\/comments?post=1363"}],"version-history":[{"count":8,"href":"https:\/\/sv-koerne83.de\/wordpress\/wp-json\/wp\/v2\/posts\/1363\/revisions"}],"predecessor-version":[{"id":1372,"href":"https:\/\/sv-koerne83.de\/wordpress\/wp-json\/wp\/v2\/posts\/1363\/revisions\/1372"}],"wp:featuredmedia":[{"embeddable":true,"href":"https:\/\/sv-koerne83.de\/wordpress\/wp-json\/wp\/v2\/media\/957"}],"wp:attachment":[{"href":"https:\/\/sv-koerne83.de\/wordpress\/wp-json\/wp\/v2\/media?parent=1363"}],"wp:term":[{"taxonomy":"category","embeddable":true,"href":"https:\/\/sv-koerne83.de\/wordpress\/wp-json\/wp\/v2\/categories?post=1363"},{"taxonomy":"post_tag","embeddable":true,"href":"https:\/\/sv-koerne83.de\/wordpress\/wp-json\/wp\/v2\/tags?post=1363"}],"curies":[{"name":"wp","href":"https:\/\/api.w.org\/{rel}","templated":true}]}}