{"id":1377,"date":"2020-06-15T10:44:21","date_gmt":"2020-06-15T08:44:21","guid":{"rendered":"https:\/\/sv-koerne83.de\/wordpress\/?p=1377"},"modified":"2020-06-15T10:44:21","modified_gmt":"2020-06-15T08:44:21","slug":"sv-koerne-steigt-in-kreisliga-a-auf","status":"publish","type":"post","link":"https:\/\/sv-koerne83.de\/wordpress\/2020\/06\/15\/sv-koerne-steigt-in-kreisliga-a-auf\/","title":{"rendered":"SV K\u00f6rne steigt in Kreisliga A auf"},"content":{"rendered":"\n<h2 class=\"wp-block-heading\">Geschafft!<\/h2>\n\n\n\n<p>Das lange Warten auf die offizielle Verk\u00fcndung der Aufstiegsregelung nach dem Saisonabbruch hatte am 09. Juni ein Ende und bescherte der 1.Mannschaft einen fr\u00f6hlichen Abend, an dem der Aufstieg in die Kreisliga A ausgiebig gefeiert wurde.<\/p>\n\n\n\n<p>Nachdem die 1.Mannschaft in der letzten Saison den Aufstieg im entscheidenden Relegationsspiel gegen DJK Eintracht Dorstfeld II trotz gro\u00dfer \u00dcberlegenheit verpasst hatte, ging sie mit dem festen Vorsatz in die neue Saison, diese Scharte auszuwetzen.<\/p>\n\n\n\n<h2 class=\"wp-block-heading\">Souver\u00e4ner Tabellenf\u00fchrer vom ersten bis zum letzten Spieltag<\/h2>\n\n\n\n<p>Mit gro\u00dfer Entschlossenheit wurde gleich vom ersten Spieltag das ausgegebene Saisonziel in die Tat verfolgt und die am ersten Spieltag erzielte Tabellenf\u00fchrung bis zum Saisonabbruch nicht mehr abgegeben.<\/p>\n\n\n\n<h2 class=\"wp-block-heading\">Tordifferenz 101<\/h2>\n\n\n\n<p>Am Ende sprechen bei 20 ausgetragenen Meisterschaftsspielen 18 Siege und 2 Unentschieden eine deutliche Sprache und dr\u00fccken die Dominanz der vom Trainerteam<strong>\u00a0Viktor Pusch<\/strong>\u00a0(Spielertrainer),\u00a0<strong>Holger Wiedemann<\/strong>\u00a0(Co-Trainer) und\u00a0<strong>Daniel <\/strong>(Paco)<strong> Grabemann\u00a0<\/strong>(Betreuer) stets optimal eingestellten Mannschaft aus.<\/p>\n\n\n\n<p>Sagenhafte<strong>\u00a0125 erzielte Treffer bei nur 24 Gegentoren ergeben<\/strong>\u00a0eine Tordifferenz von 101 Toren (der Tabellenzweite VfR S\u00f6lde II weist bei 4 Punkten R\u00fcckstand eine Tordifferenz von 64 auf<em>*<\/em>) sind eine noch nie dagewesene Bilanz und spiegeln die Leistung des Teams nachhaltig wider, das in\u00a0<strong>Tomas\u00a0<\/strong>(Tommy)\u00a0<strong>Rucinskas\u00a0<\/strong>den treffsichersten Torsch\u00fctzen in seinen Reihen und im Torh\u00fctergespann\u00a0<strong>Andree Schmitz \/ Uwe Reher<\/strong>\u00a0einen sicheren R\u00fcckhalt hatte.<\/p>\n\n\n\n<p>\u00dcber allem steht nat\u00fcrlich die&nbsp;<strong>geschlossene Mannschaftsleistung<\/strong>, durch die dieser Erfolg erst erm\u00f6glicht wurde!!!<\/p>\n\n\n\n<h2 class=\"wp-block-heading\">Heimst\u00e4rke<\/h2>\n\n\n\n<p>Wer zum Ausw\u00e4rtsspiel nach K\u00f6rne reisen muss, wei\u00df, dass dort die Trauben sehr hoch h\u00e4ngen, denn die letzte Heimniederlage datiert vom September 2017, als Eving Selimixe Spor die Punkte entf\u00fchren konnte.<\/p>\n\n\n\n<p>Da die Mannschaft momentan nur 2 Abg\u00e4nge zu verzeichnen hat und das Trainerteam unver\u00e4ndert bleibt, geht es mit fast derselben Zusammensetzung voller Zuversicht in die neue Saison.<\/p>\n\n\n\n<p>Der Vereinsvorsitzende\u00a0<strong>Eddy Hoffmann,<\/strong>\u00a0der sich bei der Mannschaft mit einem abschlie\u00dfenden Essen bedankte, blickt mit Stolz auf die Saison zur\u00fcck und versicherte ihr auch f\u00fcr die Zukunft jede erdenkliche Unterst\u00fctzung.<\/p>\n\n\n\n<p><em>*auch der VfR S\u00f6lde II ist nachtr\u00e4glich als Aufsteiger in die Kreisliga A nachnominiert worden. An dieser Stelle &#8222;Herzlichen Gl\u00fcckwunsch&#8220; von unserer Seite. <\/em><\/p>\n\n\n\n<p><em>Text:  Volker Oestreicher <\/em><\/p>\n","protected":false},"excerpt":{"rendered":"<p>Geschafft! Das lange Warten auf die offizielle Verk\u00fcndung der Aufstiegsregelung nach dem Saisonabbruch hatte am 09. Juni ein Ende und bescherte der 1.Mannschaft einen fr\u00f6hlichen Abend, an dem der Aufstieg [&hellip;]<\/p>\n","protected":false},"author":2,"featured_media":1378,"comment_status":"closed","ping_status":"open","sticky":false,"template":"","format":"standard","meta":{"_jetpack_memberships_contains_paid_content":false,"footnotes":""},"categories":[1],"tags":[],"class_list":["post-1377","post","type-post","status-publish","format-standard","has-post-thumbnail","hentry","category-allgemein"],"jetpack_sharing_enabled":true,"jetpack_featured_media_url":"https:\/\/sv-koerne83.de\/wordpress\/wp-content\/uploads\/2020\/06\/11250408_XXL.jpg","_links":{"self":[{"href":"https:\/\/sv-koerne83.de\/wordpress\/wp-json\/wp\/v2\/posts\/1377","targetHints":{"allow":["GET"]}}],"collection":[{"href":"https:\/\/sv-koerne83.de\/wordpress\/wp-json\/wp\/v2\/posts"}],"about":[{"href":"https:\/\/sv-koerne83.de\/wordpress\/wp-json\/wp\/v2\/types\/post"}],"author":[{"embeddable":true,"href":"https:\/\/sv-koerne83.de\/wordpress\/wp-json\/wp\/v2\/users\/2"}],"replies":[{"embeddable":true,"href":"https:\/\/sv-koerne83.de\/wordpress\/wp-json\/wp\/v2\/comments?post=1377"}],"version-history":[{"count":1,"href":"https:\/\/sv-koerne83.de\/wordpress\/wp-json\/wp\/v2\/posts\/1377\/revisions"}],"predecessor-version":[{"id":1379,"href":"https:\/\/sv-koerne83.de\/wordpress\/wp-json\/wp\/v2\/posts\/1377\/revisions\/1379"}],"wp:featuredmedia":[{"embeddable":true,"href":"https:\/\/sv-koerne83.de\/wordpress\/wp-json\/wp\/v2\/media\/1378"}],"wp:attachment":[{"href":"https:\/\/sv-koerne83.de\/wordpress\/wp-json\/wp\/v2\/media?parent=1377"}],"wp:term":[{"taxonomy":"category","embeddable":true,"href":"https:\/\/sv-koerne83.de\/wordpress\/wp-json\/wp\/v2\/categories?post=1377"},{"taxonomy":"post_tag","embeddable":true,"href":"https:\/\/sv-koerne83.de\/wordpress\/wp-json\/wp\/v2\/tags?post=1377"}],"curies":[{"name":"wp","href":"https:\/\/api.w.org\/{rel}","templated":true}]}}