{"id":1404,"date":"2020-06-26T10:01:18","date_gmt":"2020-06-26T08:01:18","guid":{"rendered":"https:\/\/sv-koerne83.de\/wordpress\/?p=1404"},"modified":"2020-06-26T10:01:19","modified_gmt":"2020-06-26T08:01:19","slug":"1-mannschaft-stellt-sich-fuer-die-kreisliga-a-auf","status":"publish","type":"post","link":"https:\/\/sv-koerne83.de\/wordpress\/2020\/06\/26\/1-mannschaft-stellt-sich-fuer-die-kreisliga-a-auf\/","title":{"rendered":"1. Mannschaft stellt sich f\u00fcr die Kreisliga A auf"},"content":{"rendered":"\n<h2 class=\"wp-block-heading\">Zielsetzung Klassenerhalt<\/h2>\n\n\n\n<p><strong>Das Trainerteam rund um Viktor Pusch<\/strong>&nbsp;m\u00f6chte als Aufsteiger in der n\u00e4chsten Spielzeit mit einem ausgewogenen Kader aus erfahrenen und jungen Spielern in der Kreisliga A an den Start gehen, um das Saisonziel \u201cNichtabstieg\u201d zu erreichen.<\/p>\n\n\n\n<h2 class=\"wp-block-heading\">5 Neuzug\u00e4nge fix<\/h2>\n\n\n\n<p><strong>Viktor Didel\u00a0<\/strong>konnte als erfahrener und ehemaliger K\u00f6rner als Neuzugang gewonnen werden. Viktor spielte zuletzt f\u00fcr die 2. Mannschaft vom BSV Sch\u00fcren und hat viel Kreisliga A Erfahrung.<\/p>\n\n\n\n<p><strong>Thorben Pieper\u00a0<\/strong>ist auch kein Unbekannter auf der Sportanlage am Winkelriedweg. Seine Jugend und seine ersten Seniorenspiele absolvierte er beim PTSV Dortmund. Dann wechselte er aufgrund seines Studiums nach Bochum und spielte dort ebenfalls einige Jahre in der Kreisliga A beim SV Eintracht Grumme.<\/p>\n\n\n\n<p><strong>Klemens Albers<\/strong>\u00a0st\u00f6\u00dft aus\u00a0der 2. Mannschaft zum\u00a0Team.<br>Klemens spielt seit 2 Jahren bei den Senioren und konnte dort Erfahrungen in der Kreisliga B und Kreisliga C sammeln. Nun m\u00f6chte er den Sprung in die h\u00f6here Spielklasse meistern. Er wird die Mannschaft in der Defensive verst\u00e4rken.<\/p>\n\n\n\n<p><strong>Lucas Pruschinski<\/strong>&nbsp;konnte als neuerTorwart vorgestellt werden.<br>Lucas kommt von RW Barop zum Winkelriedweg. In der vergangenen Saison lief er sowohl in der Kreisliga A wie auch in der Kreisliga B als Torwart f\u00fcr die Baroper auf.<\/p>\n\n\n\n<p><strong>Thierno Oumar Diallo&nbsp;<\/strong>ist Neuzugang Nr.5.<br>Thierno kommt aus Guinea, wo er auch schon als Spieler aktiv war, und wird die Mannschaft mit seiner Athletik im Offensivbereich verst\u00e4rken.<\/p>\n\n\n\n<h2 class=\"wp-block-heading\">Abg\u00e4nge<\/h2>\n\n\n\n<p>Nach dieser Saison werden leider auch einige Spieler den Verein verlassen oder nicht mehr aktiv in der 1. Mannschaft spielen.<br>Mit\u00a0<strong>Hajdar \u201cDori\u201d Musaku<\/strong>\u00a0und\u00a0<strong>Tobias Winter\u00a0<\/strong>verlassen zwei Spieler den Verein. Tobias Winter wechselt zum Bezirksligisten BW Huckarde.<br>Dori Musaku l\u00e4uft in der n\u00e4chsten Saison f\u00fcr die Dortmunder L\u00f6wen aus Brackel auf.<br><strong><em>Wir danken beiden Spielern f\u00fcr ihren Einsatz in den letzten Jahren und w\u00fcnschen ihnen pers\u00f6nlich viel Erfolg an ihrer neuen Wirkungsst\u00e4tte.<\/em><\/strong><\/p>\n\n\n\n<h2 class=\"wp-block-heading\">Neue Aufgaben&nbsp;<\/h2>\n\n\n\n<p>Dem Verein erhalten, aber nicht mehr aktiv auf dem Platz, bleiben&nbsp;<strong>Andree Schmitz<\/strong>&nbsp;und&nbsp;<strong>Tim Exner<\/strong>.<\/p>\n\n\n\n<p><strong>Andree Schmitz<\/strong>, der in der abgelaufenen Saison neben dem Torwartposten in der 1. Mannschaft auch den Trainerposten bei der D-Jugend inne hatte, wird in der neuen Saison die neuformierte 2. Mannschaft trainieren.<\/p>\n\n\n\n<p><strong>Tim Exner<\/strong>&nbsp;h\u00f6rt als aktiver Spieler auf und unterst\u00fctzt das Trainerteam der 1. Mannschaft.<\/p>\n\n\n\n<h2 class=\"wp-block-heading\">Besonderer Dank<\/h2>\n\n\n\n<p>Ein besonderer Dank und eine besondere Erw\u00e4hnung gelten&nbsp;<strong>Azad Moazen<\/strong>.<br>Azad ist seit Jahrzehnten im Verein aktiv und spielte mit 38 Jahren immer noch in der 1. Mannschaft. Nach dieser Saison muss Azad aus beruflichen und privaten Gr\u00fcnden k\u00fcrzer treten und steht somit nicht mehr als aktiver Spieler der 1. Mannschaft zur Verf\u00fcgung.<br><strong><em>Wir danken Azad f\u00fcr sein Engagement, welches er all die Jahre geleistet hat.<\/em><\/strong><\/p>\n","protected":false},"excerpt":{"rendered":"<p>Zielsetzung Klassenerhalt Das Trainerteam rund um Viktor Pusch&nbsp;m\u00f6chte als Aufsteiger in der n\u00e4chsten Spielzeit mit einem ausgewogenen Kader aus erfahrenen und jungen Spielern in der Kreisliga A an den Start [&hellip;]<\/p>\n","protected":false},"author":2,"featured_media":1403,"comment_status":"closed","ping_status":"open","sticky":false,"template":"","format":"standard","meta":{"_jetpack_memberships_contains_paid_content":false,"footnotes":""},"categories":[30,1],"tags":[],"class_list":["post-1404","post","type-post","status-publish","format-standard","has-post-thumbnail","hentry","category-1-mannschaft","category-allgemein"],"jetpack_sharing_enabled":true,"jetpack_featured_media_url":"https:\/\/sv-koerne83.de\/wordpress\/wp-content\/uploads\/2020\/06\/img_2711.jpg","_links":{"self":[{"href":"https:\/\/sv-koerne83.de\/wordpress\/wp-json\/wp\/v2\/posts\/1404","targetHints":{"allow":["GET"]}}],"collection":[{"href":"https:\/\/sv-koerne83.de\/wordpress\/wp-json\/wp\/v2\/posts"}],"about":[{"href":"https:\/\/sv-koerne83.de\/wordpress\/wp-json\/wp\/v2\/types\/post"}],"author":[{"embeddable":true,"href":"https:\/\/sv-koerne83.de\/wordpress\/wp-json\/wp\/v2\/users\/2"}],"replies":[{"embeddable":true,"href":"https:\/\/sv-koerne83.de\/wordpress\/wp-json\/wp\/v2\/comments?post=1404"}],"version-history":[{"count":1,"href":"https:\/\/sv-koerne83.de\/wordpress\/wp-json\/wp\/v2\/posts\/1404\/revisions"}],"predecessor-version":[{"id":1405,"href":"https:\/\/sv-koerne83.de\/wordpress\/wp-json\/wp\/v2\/posts\/1404\/revisions\/1405"}],"wp:featuredmedia":[{"embeddable":true,"href":"https:\/\/sv-koerne83.de\/wordpress\/wp-json\/wp\/v2\/media\/1403"}],"wp:attachment":[{"href":"https:\/\/sv-koerne83.de\/wordpress\/wp-json\/wp\/v2\/media?parent=1404"}],"wp:term":[{"taxonomy":"category","embeddable":true,"href":"https:\/\/sv-koerne83.de\/wordpress\/wp-json\/wp\/v2\/categories?post=1404"},{"taxonomy":"post_tag","embeddable":true,"href":"https:\/\/sv-koerne83.de\/wordpress\/wp-json\/wp\/v2\/tags?post=1404"}],"curies":[{"name":"wp","href":"https:\/\/api.w.org\/{rel}","templated":true}]}}