{"id":1407,"date":"2020-06-30T12:00:39","date_gmt":"2020-06-30T10:00:39","guid":{"rendered":"https:\/\/sv-koerne83.de\/wordpress\/?p=1407"},"modified":"2020-06-30T13:13:54","modified_gmt":"2020-06-30T11:13:54","slug":"die-2-mannschaft-bedankt-sich-bei-mario-sopar-marian-gruhn-und-dennis-schulte","status":"publish","type":"post","link":"https:\/\/sv-koerne83.de\/wordpress\/2020\/06\/30\/die-2-mannschaft-bedankt-sich-bei-mario-sopar-marian-gruhn-und-dennis-schulte\/","title":{"rendered":"Die 2. Mannschaft bedankt sich bei Mario Sopar, Marian Gruhn und Dennis Schulte"},"content":{"rendered":"\n<p>Zum Ende der Saison 2019\/2020 gibt es in der zweiten Mannschaft personelle \u00c4nderungen auf dem Trainerstuhl.<\/p>\n\n\n\n<p>Die einzige Konstante auch f\u00fcr die n\u00e4chste Saison bleibt unser Betreuer Dennis Schulte. Er wird dem neuen Trainer Andree Schmitz weiterhin als Betreuer zur Verf\u00fcgung stehen.<br><br>Seit vier Jahren ist Dennis mittlerweile im Verein und Betreuer der zweiten Mannschaft. F\u00fcr alle Dinge, die man w\u00e4hrend eines Spieltages beachten muss, ist er Derjenige, der immer f\u00fcr die zweite Mannschaft da war. Sei es die Spielberichte vorzubereiten oder auch Wasserflaschen f\u00fcr die Spieler auf- bzw nachzuf\u00fcllen. <\/p>\n\n\n\n<p>Trainer Marian Gruhn verlie\u00df die Mannschaft bereits im M\u00e4rz aufgrund beruflicher Gr\u00fcnde nach Hamburg.<br><br>Von 1994 &#8211; 1998 spielte er f\u00fcr den ASC 09 Dortmund in Aplerbeck. Anschlie\u00dfend ging es f\u00fcr ihn weiter zum PTSV Dortmund. Hier verbrachte er von 1998 &#8211; 2014 und von 2016 bis 2017 17 Jahre seines Fu\u00dfballerlebens. Zwischenduch spielte Marian 2 Jahre bei der \u00d6SG Viktoria.<br>Nachdem der PTSV  den Fu\u00dfballbetrieb einstellte, wechselte er zum SV K\u00f6rne 83.<br>Bereits 2004 begann die Trainerkarriere in der Jugendabteilung des PTSV. <br>Nach seinem Wechsel nach K\u00f6rne trainierte er zun\u00e4chst die A -Jugend in der Saison 2017\/2018. Zusammen mit seinen Spielern ging es dann in den Herrenbereich, wo er 2018\/2019 die Dritte und dann in der gerade abgelaufenen Saison 2019\/2020 die Zweite trainierte.<\/p>\n\n\n\n<p>Trainer Mario Sopar verl\u00e4sst zwar die zweite Mannschaft, bleibt dem Verein weiterhin erhalten. Er trainiert in der kommenden Saison 2020\/2021 Tobias Schigowski in der B- Jugend.<br><br>Mario hat daf\u00fcr mit gesorgt, dass der Verein 2016 zum ersten Mal mit drei Herrenteams f\u00fcr die Meisterschaft melden konnte.<br>Zusammen mit Co Trainer Basti Giese konnte Mario die Meisterschaft in der Kreisliga C feiern und stieg somit mit der zweiten Mannschaft in die Kreisliga B auf. <br>Die Highlights dieser Saison waren sicherlich das Aufstiegsspiel zuhause gegen den H\u00f6rder SC III vor ca 300 Zuschauern, inklusive Weltmeister Kevin Gro\u00dfkreutz, was die Zweite hochverdient mit 6:3 gewann und zum Anderen die anschlie\u00dfende Planwagenfahrt durch Dortmund. Das Team und der gesamte Staff wurden u.a. vom Borsigplatz gefeiert als h\u00e4tte man die Champions League gewonnen. Selbst die Polizei feierte mit.<br><br>In den beiden darauffolgenden Saisons konnte jeweils der Abstieg vermieden werden.<br><br>Die 2. Mannschaft und der Verein bedanken sich bei euch f\u00fcr die tolle Zusammenarbeit, f\u00fcr viele tolle Spiele und Erinnerungen. <\/p>\n","protected":false},"excerpt":{"rendered":"<p>Zum Ende der Saison 2019\/2020 gibt es in der zweiten Mannschaft personelle \u00c4nderungen auf dem Trainerstuhl. Die einzige Konstante auch f\u00fcr die n\u00e4chste Saison bleibt unser Betreuer Dennis Schulte. Er [&hellip;]<\/p>\n","protected":false},"author":3,"featured_media":1130,"comment_status":"closed","ping_status":"open","sticky":false,"template":"","format":"standard","meta":{"_jetpack_memberships_contains_paid_content":false,"footnotes":""},"categories":[31,1],"tags":[],"class_list":["post-1407","post","type-post","status-publish","format-standard","has-post-thumbnail","hentry","category-2-mannschaft","category-allgemein"],"jetpack_sharing_enabled":true,"jetpack_featured_media_url":"https:\/\/sv-koerne83.de\/wordpress\/wp-content\/uploads\/2019\/12\/40b4d039-00a6-4d17-b6b4-5e33be63eb97.jpg","_links":{"self":[{"href":"https:\/\/sv-koerne83.de\/wordpress\/wp-json\/wp\/v2\/posts\/1407","targetHints":{"allow":["GET"]}}],"collection":[{"href":"https:\/\/sv-koerne83.de\/wordpress\/wp-json\/wp\/v2\/posts"}],"about":[{"href":"https:\/\/sv-koerne83.de\/wordpress\/wp-json\/wp\/v2\/types\/post"}],"author":[{"embeddable":true,"href":"https:\/\/sv-koerne83.de\/wordpress\/wp-json\/wp\/v2\/users\/3"}],"replies":[{"embeddable":true,"href":"https:\/\/sv-koerne83.de\/wordpress\/wp-json\/wp\/v2\/comments?post=1407"}],"version-history":[{"count":3,"href":"https:\/\/sv-koerne83.de\/wordpress\/wp-json\/wp\/v2\/posts\/1407\/revisions"}],"predecessor-version":[{"id":1411,"href":"https:\/\/sv-koerne83.de\/wordpress\/wp-json\/wp\/v2\/posts\/1407\/revisions\/1411"}],"wp:featuredmedia":[{"embeddable":true,"href":"https:\/\/sv-koerne83.de\/wordpress\/wp-json\/wp\/v2\/media\/1130"}],"wp:attachment":[{"href":"https:\/\/sv-koerne83.de\/wordpress\/wp-json\/wp\/v2\/media?parent=1407"}],"wp:term":[{"taxonomy":"category","embeddable":true,"href":"https:\/\/sv-koerne83.de\/wordpress\/wp-json\/wp\/v2\/categories?post=1407"},{"taxonomy":"post_tag","embeddable":true,"href":"https:\/\/sv-koerne83.de\/wordpress\/wp-json\/wp\/v2\/tags?post=1407"}],"curies":[{"name":"wp","href":"https:\/\/api.w.org\/{rel}","templated":true}]}}