{"id":1412,"date":"2020-07-01T08:02:46","date_gmt":"2020-07-01T06:02:46","guid":{"rendered":"https:\/\/sv-koerne83.de\/wordpress\/?p=1412"},"modified":"2020-07-01T08:02:46","modified_gmt":"2020-07-01T06:02:46","slug":"14-taegiges-sommerprogramm","status":"publish","type":"post","link":"https:\/\/sv-koerne83.de\/wordpress\/2020\/07\/01\/14-taegiges-sommerprogramm\/","title":{"rendered":"14-t\u00e4giges Sommerprogramm"},"content":{"rendered":"\n<h2 class=\"wp-block-heading\">Langeweile gibt es beim SV K\u00f6rne nicht<\/h2>\n\n\n\n<p>Ausgehend von der Tatsache, dass die Corona-Krise f\u00fcr viele Familien negative Auswirkungen mit sich gebracht hat und so mancher geplante Urlaub gestrichen werden musste, hat sich der Verein seit geraumer Zeit mit \u00dcberlegungen besch\u00e4ftigt, inwieweit er einen Beitrag leisten kann, um den Kindern und Jugendlichen des Vereins ein Freizeitangebot zu unterbreiten.<\/p>\n\n\n\n<h2 class=\"wp-block-heading\">A- und B-Jugendliche als Betreuer<\/h2>\n\n\n\n<p>Dank der Zusage einiger Spieler der A\/B Jugend, sich f\u00fcr das&nbsp;<strong>zweiw\u00f6chige Ferienprojekt&nbsp;<\/strong>als Betreuer zur Verf\u00fcgung zu stellen, konnte ein Konzept f\u00fcr ein attraktives Angebot entwickelt werden.<\/p>\n\n\n\n<h2 class=\"wp-block-heading\">Programm vom 06. bis 17. Juli<\/h2>\n\n\n\n<p>Ab Montag, dem 06. Juli, wird die Sportanlage des Vereins&nbsp;<strong>f\u00fcr 2 Wochen von Montag bis Freitag zwischen 15:00 und 19:00&nbsp;<\/strong>Uhr&nbsp;<strong>unter Aufsicht<\/strong>&nbsp;ge\u00f6ffnet sein!<\/p>\n\n\n\n<h2 class=\"wp-block-heading\">Abwechslungsreiches Programm<\/h2>\n\n\n\n<p>Es werden nicht nur spannende, spielerische und lernende Aktivit\u00e4ten auf dem Platz angeboten, sondern auch Fitness\u00fcbungen unter der Leitung von&nbsp;<strong>Brigitta Nagy<\/strong>&nbsp;\u2013 ausgebildete \u201epersonal trainer\u201c  \u2013 <br>k\u00f6nnen wahrgenommen werden. Damit auch auf die allseits beliebte&nbsp;<strong>H\u00fcpfburg&nbsp;<\/strong>nicht verzichtet werden muss, hat sich die&nbsp;<strong>Sparkasse<\/strong>&nbsp;f\u00fcr die Kosten\u00fcbernahme bereit erkl\u00e4rt. Der Verein, besonders aber die Kinder, sagen&nbsp;<strong>&#8222;Dankesch\u00f6n&#8220;!<\/strong><\/p>\n\n\n\n<h2 class=\"wp-block-heading\">K\u00f6rner Institutionen unterst\u00fctzen das Projekt<\/h2>\n\n\n\n<p>Neben der bereits erw\u00e4hnten&nbsp;<strong>Sparkasse&nbsp;<\/strong>haben sich die&nbsp;<strong>Bezirksvertretung<\/strong>, die&nbsp;<strong>Dortmunder Volksbank<\/strong>&nbsp;und der<strong>&nbsp;K\u00f6rner Kultur und Kunstverein<\/strong>&nbsp;f\u00fcr die Finanzierung stark gemacht.<br>Diese Zuwendungen wird der Verein 1:1 an die Betreuer als Aufwandsentsch\u00e4digung weitergeben.<\/p>\n\n\n\n<h2 class=\"wp-block-heading\">Kostenlose Teilnahme f\u00fcr alle<\/h2>\n\n\n\n<p>Mit Blick auf die Einhaltung der zul\u00e4ssigen Personenzahl gilt: auch wenn das Angebot f\u00fcr alle interessierten Kinder und Jugendlichen gilt,&nbsp; so haben Vereinsmitglieder und Geschwisterkinder Vorrang!<\/p>\n\n\n\n<p><em>Text: Volker Oestreicher<\/em><\/p>\n","protected":false},"excerpt":{"rendered":"<p>Langeweile gibt es beim SV K\u00f6rne nicht Ausgehend von der Tatsache, dass die Corona-Krise f\u00fcr viele Familien negative Auswirkungen mit sich gebracht hat und so mancher geplante Urlaub gestrichen werden [&hellip;]<\/p>\n","protected":false},"author":2,"featured_media":1414,"comment_status":"closed","ping_status":"open","sticky":false,"template":"","format":"standard","meta":{"_jetpack_memberships_contains_paid_content":false,"footnotes":""},"categories":[1,35],"tags":[],"class_list":["post-1412","post","type-post","status-publish","format-standard","has-post-thumbnail","hentry","category-allgemein","category-jugend"],"jetpack_sharing_enabled":true,"jetpack_featured_media_url":"https:\/\/sv-koerne83.de\/wordpress\/wp-content\/uploads\/2020\/06\/children-2433987_1920.jpg","_links":{"self":[{"href":"https:\/\/sv-koerne83.de\/wordpress\/wp-json\/wp\/v2\/posts\/1412","targetHints":{"allow":["GET"]}}],"collection":[{"href":"https:\/\/sv-koerne83.de\/wordpress\/wp-json\/wp\/v2\/posts"}],"about":[{"href":"https:\/\/sv-koerne83.de\/wordpress\/wp-json\/wp\/v2\/types\/post"}],"author":[{"embeddable":true,"href":"https:\/\/sv-koerne83.de\/wordpress\/wp-json\/wp\/v2\/users\/2"}],"replies":[{"embeddable":true,"href":"https:\/\/sv-koerne83.de\/wordpress\/wp-json\/wp\/v2\/comments?post=1412"}],"version-history":[{"count":4,"href":"https:\/\/sv-koerne83.de\/wordpress\/wp-json\/wp\/v2\/posts\/1412\/revisions"}],"predecessor-version":[{"id":1417,"href":"https:\/\/sv-koerne83.de\/wordpress\/wp-json\/wp\/v2\/posts\/1412\/revisions\/1417"}],"wp:featuredmedia":[{"embeddable":true,"href":"https:\/\/sv-koerne83.de\/wordpress\/wp-json\/wp\/v2\/media\/1414"}],"wp:attachment":[{"href":"https:\/\/sv-koerne83.de\/wordpress\/wp-json\/wp\/v2\/media?parent=1412"}],"wp:term":[{"taxonomy":"category","embeddable":true,"href":"https:\/\/sv-koerne83.de\/wordpress\/wp-json\/wp\/v2\/categories?post=1412"},{"taxonomy":"post_tag","embeddable":true,"href":"https:\/\/sv-koerne83.de\/wordpress\/wp-json\/wp\/v2\/tags?post=1412"}],"curies":[{"name":"wp","href":"https:\/\/api.w.org\/{rel}","templated":true}]}}