{"id":1461,"date":"2020-07-10T17:33:24","date_gmt":"2020-07-10T15:33:24","guid":{"rendered":"https:\/\/sv-koerne83.de\/wordpress\/?p=1461"},"modified":"2020-08-08T14:15:01","modified_gmt":"2020-08-08T12:15:01","slug":"b-jugend-startet-in-die-saisonvorbereitung","status":"publish","type":"post","link":"https:\/\/sv-koerne83.de\/wordpress\/2020\/07\/10\/b-jugend-startet-in-die-saisonvorbereitung\/","title":{"rendered":"B-Jugend startet in die Saisonvorbereitung"},"content":{"rendered":"\n<p>Am morgigen Samstag, 10.07.2020 bitten die beiden B-Jugend Trainer Mario Sopar und Tobias Schigowski ihre Sch\u00fctzlinge zum Trainingsauftakt. <br><br>Beginn der Einheit ist um 12.00 Uhr auf dem Sportplatz.<br><br>Das Team reist am Samstag 18.07.2020 zum ersten Testspiel nach Iserlohn zum SC Hennen.  Ansto\u00df ist um 13.00 Uhr.<br><br>Hier die \u00dcbersicht der Testspiele (kurzfristige \u00c4nderungen vorbehalten):<\/p>\n\n\n\n<p><strong>Samstag 18.07.2020<\/strong> <br>13.00 Uhr<br>SC Hennen (A)<\/p>\n\n\n\n<p><strong>Sonntag 26.07.2020<\/strong><br>10.00 Uhr<br>Westfalia Kirchlinde (H)<\/p>\n\n\n\n<p><strong>Samstag 01.08.2020<\/strong><br>13.30 Uhr<br>RW Barop (H)<\/p>\n\n\n\n<p><strong>Sonntag 09.08.2020<\/strong><br>10.00 Uhr<br>Mengede 08\/20 (H)<\/p>\n\n\n\n<p><strong>Sonntag 15.08.2020<\/strong><br>15.00 Uhr<br>Spvg Schonnebeck (A)<\/p>\n\n\n\n<p><strong>Samstag 22.08.2020<\/strong><br>16.00 Uhr<br>LFC Laer 06 (H)<\/p>\n\n\n\n<p><strong>Sonntag 23.08.2020<\/strong><br>10.00 Uhr<br>VfB Waltrop III (H)<\/p>\n\n\n\n<p><strong>Samstag 29.08.2020<\/strong><br>14.00 Uhr<br>SV Westrich (H)<\/p>\n\n\n\n<p><strong>Sonntag 30.08.2020<\/strong><br>10.00 Uhr<br>BV Rentfort (H)<\/p>\n\n\n\n<p><\/p>\n","protected":false},"excerpt":{"rendered":"<p>Am morgigen Samstag, 10.07.2020 bitten die beiden B-Jugend Trainer Mario Sopar und Tobias Schigowski ihre Sch\u00fctzlinge zum Trainingsauftakt. Beginn der Einheit ist um 12.00 Uhr auf dem Sportplatz. Das Team [&hellip;]<\/p>\n","protected":false},"author":3,"featured_media":1473,"comment_status":"closed","ping_status":"open","sticky":false,"template":"","format":"standard","meta":{"_jetpack_memberships_contains_paid_content":false,"footnotes":""},"categories":[1,35],"tags":[],"class_list":["post-1461","post","type-post","status-publish","format-standard","has-post-thumbnail","hentry","category-allgemein","category-jugend"],"jetpack_sharing_enabled":true,"jetpack_featured_media_url":"https:\/\/sv-koerne83.de\/wordpress\/wp-content\/uploads\/2020\/07\/football-730418_1920.jpg","_links":{"self":[{"href":"https:\/\/sv-koerne83.de\/wordpress\/wp-json\/wp\/v2\/posts\/1461","targetHints":{"allow":["GET"]}}],"collection":[{"href":"https:\/\/sv-koerne83.de\/wordpress\/wp-json\/wp\/v2\/posts"}],"about":[{"href":"https:\/\/sv-koerne83.de\/wordpress\/wp-json\/wp\/v2\/types\/post"}],"author":[{"embeddable":true,"href":"https:\/\/sv-koerne83.de\/wordpress\/wp-json\/wp\/v2\/users\/3"}],"replies":[{"embeddable":true,"href":"https:\/\/sv-koerne83.de\/wordpress\/wp-json\/wp\/v2\/comments?post=1461"}],"version-history":[{"count":12,"href":"https:\/\/sv-koerne83.de\/wordpress\/wp-json\/wp\/v2\/posts\/1461\/revisions"}],"predecessor-version":[{"id":1587,"href":"https:\/\/sv-koerne83.de\/wordpress\/wp-json\/wp\/v2\/posts\/1461\/revisions\/1587"}],"wp:featuredmedia":[{"embeddable":true,"href":"https:\/\/sv-koerne83.de\/wordpress\/wp-json\/wp\/v2\/media\/1473"}],"wp:attachment":[{"href":"https:\/\/sv-koerne83.de\/wordpress\/wp-json\/wp\/v2\/media?parent=1461"}],"wp:term":[{"taxonomy":"category","embeddable":true,"href":"https:\/\/sv-koerne83.de\/wordpress\/wp-json\/wp\/v2\/categories?post=1461"},{"taxonomy":"post_tag","embeddable":true,"href":"https:\/\/sv-koerne83.de\/wordpress\/wp-json\/wp\/v2\/tags?post=1461"}],"curies":[{"name":"wp","href":"https:\/\/api.w.org\/{rel}","templated":true}]}}