{"id":1499,"date":"2020-07-18T20:28:27","date_gmt":"2020-07-18T18:28:27","guid":{"rendered":"https:\/\/sv-koerne83.de\/wordpress\/?p=1499"},"modified":"2020-07-20T19:45:55","modified_gmt":"2020-07-20T17:45:55","slug":"b-jugend-zum-auftakt-mit-last-minute-niederlage-in-hennen","status":"publish","type":"post","link":"https:\/\/sv-koerne83.de\/wordpress\/2020\/07\/18\/b-jugend-zum-auftakt-mit-last-minute-niederlage-in-hennen\/","title":{"rendered":"B-Jugend zum Auftakt mit Last Minute Niederlage in Hennen"},"content":{"rendered":"\n<p>Zum ersten Vorbereitungsspiel reiste unsere B-Jugend am heutigen Samstag, 18.07.2020 nach Iserlohn zum SC 1912 Hennen. <br>In Gedenken an den im Mai pl\u00f6tzlich verstorbenen Altherren Spieler Markus Teroerde, spielte der SV K\u00f6rne 83 mit Trauerflor.<br><br>Nach der ersten Trainingswoche wollte man zun\u00e4chst mit viel Ballbesitz ins Spiel finden. Die Anfangsviertelstunde war eher ein Abtasten beider Teams. Der Gastgeber wurde danach st\u00e4rker, da K\u00f6rnes Mittelfeld oft zu leicht den Ball verlor. Folgerichtig ging Hennen dann per Doppelschlag mit 2:0 in F\u00fchrung. Dies war auch gleichzeitig der Halbzeitstand.<\/p>\n\n\n\n<p>In der Halbzeit wurde gewechselt und K\u00f6rne kam mit sehr viel Schwung aus der Pause.<\/p>\n\n\n\n<p>\u00dcber mehrere Stationen wurde Aristos toll in die Tiefe geschickt. Sein scharf gespielter Pass in die Mitte, konnte Noel zum Anschlusstreffer verwerten.<br>Die Iserlohner kamen nicht mehr so h\u00e4ufig vor das Tor der G\u00e4ste.<\/p>\n\n\n\n<p>Joshua belohnte sich f\u00fcr sein aufopferndes Spiel im Sturmzentrum und konnte, nachdem er den Ball behaupten konnte, den Ausgleich erzielen.<\/p>\n\n\n\n<p>Mit dem letzten Angriff verlor der SVK den Ball leichtfertig in der Offensive. Mit einem Pass in die Tiefe gelang es dem SV Hennen dann leider doch noch das Spiel f\u00fcr sich zu entscheiden.<\/p>\n\n\n\n<p>Das Trainergespann war mit der Leistung und vor allem mit der Moral der Mannschaft, trotz schw\u00fcl warmen Temperaturen zufrieden. Ein Unentschieden h\u00e4tte sich nat\u00fcrlich besser angef\u00fchlt. <\/p>\n\n\n\n<p><strong>SV Hennen &#8211; SV K\u00f6rne 83  3:2 (2:0)<\/strong><br>Aufstellung: 1 Halidov, 2 Boye-Sekan, 3 Shamradi, 5 Khassyanov, 11 Wangerowski (c), 12 Razag Abdul Wahab, 14 Hossain (41. 15 Adonaijo Arispe), 18 Litis, 19 Amhaouch (41. 9 Gettel), 20 El Bakouri, 21 Opiela<br><br>Tore: 1:0 (19.), 2:0 (23.), <strong>2:1 Boye-Sekan (52.), 2:2 Opiela (79.)<\/strong>, 3:2 (80.)<\/p>\n\n\n\n<p><strong>N\u00e4chster Termin:<br>Sonntag 26.07.2020,  10.00 Uhr<br>Testspiel:<br>SV K\u00f6rne 83 &#8211; Westfalia Kirchlinde<\/strong><br><br><br><\/p>\n","protected":false},"excerpt":{"rendered":"<p>Zum ersten Vorbereitungsspiel reiste unsere B-Jugend am heutigen Samstag, 18.07.2020 nach Iserlohn zum SC 1912 Hennen. In Gedenken an den im Mai pl\u00f6tzlich verstorbenen Altherren Spieler Markus Teroerde, spielte der [&hellip;]<\/p>\n","protected":false},"author":3,"featured_media":1473,"comment_status":"closed","ping_status":"open","sticky":false,"template":"","format":"standard","meta":{"_jetpack_memberships_contains_paid_content":false,"footnotes":""},"categories":[1,35],"tags":[],"class_list":["post-1499","post","type-post","status-publish","format-standard","has-post-thumbnail","hentry","category-allgemein","category-jugend"],"jetpack_sharing_enabled":true,"jetpack_featured_media_url":"https:\/\/sv-koerne83.de\/wordpress\/wp-content\/uploads\/2020\/07\/football-730418_1920.jpg","_links":{"self":[{"href":"https:\/\/sv-koerne83.de\/wordpress\/wp-json\/wp\/v2\/posts\/1499","targetHints":{"allow":["GET"]}}],"collection":[{"href":"https:\/\/sv-koerne83.de\/wordpress\/wp-json\/wp\/v2\/posts"}],"about":[{"href":"https:\/\/sv-koerne83.de\/wordpress\/wp-json\/wp\/v2\/types\/post"}],"author":[{"embeddable":true,"href":"https:\/\/sv-koerne83.de\/wordpress\/wp-json\/wp\/v2\/users\/3"}],"replies":[{"embeddable":true,"href":"https:\/\/sv-koerne83.de\/wordpress\/wp-json\/wp\/v2\/comments?post=1499"}],"version-history":[{"count":3,"href":"https:\/\/sv-koerne83.de\/wordpress\/wp-json\/wp\/v2\/posts\/1499\/revisions"}],"predecessor-version":[{"id":1504,"href":"https:\/\/sv-koerne83.de\/wordpress\/wp-json\/wp\/v2\/posts\/1499\/revisions\/1504"}],"wp:featuredmedia":[{"embeddable":true,"href":"https:\/\/sv-koerne83.de\/wordpress\/wp-json\/wp\/v2\/media\/1473"}],"wp:attachment":[{"href":"https:\/\/sv-koerne83.de\/wordpress\/wp-json\/wp\/v2\/media?parent=1499"}],"wp:term":[{"taxonomy":"category","embeddable":true,"href":"https:\/\/sv-koerne83.de\/wordpress\/wp-json\/wp\/v2\/categories?post=1499"},{"taxonomy":"post_tag","embeddable":true,"href":"https:\/\/sv-koerne83.de\/wordpress\/wp-json\/wp\/v2\/tags?post=1499"}],"curies":[{"name":"wp","href":"https:\/\/api.w.org\/{rel}","templated":true}]}}