{"id":1520,"date":"2020-07-24T11:10:23","date_gmt":"2020-07-24T09:10:23","guid":{"rendered":"https:\/\/sv-koerne83.de\/wordpress\/?p=1520"},"modified":"2020-07-24T11:10:24","modified_gmt":"2020-07-24T09:10:24","slug":"es-geht-wieder-los","status":"publish","type":"post","link":"https:\/\/sv-koerne83.de\/wordpress\/2020\/07\/24\/es-geht-wieder-los\/","title":{"rendered":"Es geht wieder los"},"content":{"rendered":"\n<p>Am Sonntag starten die Testspiele auf unserer Anlage. Unter einem gesonderten Hygienekonzept finden ab 10.00 Uhr Spiele statt. Vorab m\u00f6chten wir euch mitteilen, dass sich jeder Besucher in eine Anwesenheitsliste eintragen muss. Zus\u00e4tzlich ben\u00f6tigen wir eure Kontakdaten.<\/p>\n\n\n\n<p>Beginnen wird am Sonntag die B-Jugend. Die Mannschaft von Tobias Schigowski trifft auf Westfalia Kirchlinde. Ansto\u00df ist um 10.00 Uhr. Um 13.00 Uhr empf\u00e4ngt die 3. Mannschaft den FC Westfalen. Den Abschluss an diesem Sonntag macht die 1. Mannschaft. Das Team von Trainer Viktor Pusch trifft um 16.00 Uhr auf TuRa Asseln.&nbsp;<\/p>\n","protected":false},"excerpt":{"rendered":"<p>Am Sonntag starten die Testspiele auf unserer Anlage. Unter einem gesonderten Hygienekonzept finden ab 10.00 Uhr Spiele statt. Vorab m\u00f6chten wir euch mitteilen, dass sich jeder Besucher in eine Anwesenheitsliste [&hellip;]<\/p>\n","protected":false},"author":2,"featured_media":776,"comment_status":"closed","ping_status":"open","sticky":false,"template":"","format":"standard","meta":{"_jetpack_memberships_contains_paid_content":false,"footnotes":""},"categories":[30,32,1,35],"tags":[],"class_list":["post-1520","post","type-post","status-publish","format-standard","has-post-thumbnail","hentry","category-1-mannschaft","category-3-mannschaft","category-allgemein","category-jugend"],"jetpack_sharing_enabled":true,"jetpack_featured_media_url":"https:\/\/sv-koerne83.de\/wordpress\/wp-content\/uploads\/2019\/09\/BD43D305-67C9-4ECE-9367-80CF48785999.jpeg","_links":{"self":[{"href":"https:\/\/sv-koerne83.de\/wordpress\/wp-json\/wp\/v2\/posts\/1520","targetHints":{"allow":["GET"]}}],"collection":[{"href":"https:\/\/sv-koerne83.de\/wordpress\/wp-json\/wp\/v2\/posts"}],"about":[{"href":"https:\/\/sv-koerne83.de\/wordpress\/wp-json\/wp\/v2\/types\/post"}],"author":[{"embeddable":true,"href":"https:\/\/sv-koerne83.de\/wordpress\/wp-json\/wp\/v2\/users\/2"}],"replies":[{"embeddable":true,"href":"https:\/\/sv-koerne83.de\/wordpress\/wp-json\/wp\/v2\/comments?post=1520"}],"version-history":[{"count":1,"href":"https:\/\/sv-koerne83.de\/wordpress\/wp-json\/wp\/v2\/posts\/1520\/revisions"}],"predecessor-version":[{"id":1521,"href":"https:\/\/sv-koerne83.de\/wordpress\/wp-json\/wp\/v2\/posts\/1520\/revisions\/1521"}],"wp:featuredmedia":[{"embeddable":true,"href":"https:\/\/sv-koerne83.de\/wordpress\/wp-json\/wp\/v2\/media\/776"}],"wp:attachment":[{"href":"https:\/\/sv-koerne83.de\/wordpress\/wp-json\/wp\/v2\/media?parent=1520"}],"wp:term":[{"taxonomy":"category","embeddable":true,"href":"https:\/\/sv-koerne83.de\/wordpress\/wp-json\/wp\/v2\/categories?post=1520"},{"taxonomy":"post_tag","embeddable":true,"href":"https:\/\/sv-koerne83.de\/wordpress\/wp-json\/wp\/v2\/tags?post=1520"}],"curies":[{"name":"wp","href":"https:\/\/api.w.org\/{rel}","templated":true}]}}